{"id":6780,"date":"2026-02-09T12:19:32","date_gmt":"2026-02-09T15:19:32","guid":{"rendered":"https:\/\/elpueblonoticia.com.ar\/web\/?p=6780"},"modified":"2026-02-09T12:19:32","modified_gmt":"2026-02-09T15:19:32","slug":"suteco-advierte-sin-aumento-en-blanco-no-comienzan-las-clases-en-corrientes","status":"publish","type":"post","link":"https:\/\/elpueblonoticia.com.ar\/web\/2026\/02\/09\/suteco-advierte-sin-aumento-en-blanco-no-comienzan-las-clases-en-corrientes\/","title":{"rendered":"Suteco advierte: sin aumento en blanco, no comienzan las clases en Corrientes"},"content":{"rendered":"<p>En las \u00faltimas horas el Sindicato \u00danico de Trabajadores de la Educaci\u00f3n de Corrientes (SUTECO) activ\u00f3 mecanismos de consultas directa a la base docente sobre posibles medidas de acci\u00f3n directa, ante la falta de Paritaria Nacional, de Paritaria Provincial y sin actualizaci\u00f3n salarial en blanco hace seis (6) meses.<\/p>\n<p>En las \u00faltimas horas el Sindicato \u00danico de Trabajadores de la Educaci\u00f3n de Corrientes (SUTECO) activ\u00f3 mecanismos de consultas directa a la base docente sobre posibles medidas de acci\u00f3n directa, ante la falta de Paritaria Nacional, de Paritaria Provincial y sin actualizaci\u00f3n salarial en blanco hace seis (6) meses.<\/p>\n<p>&#8220;En las condiciones salariales y presupuestarias para la educaci\u00f3n en la que estamos hoy, los docentes no estar\u00edamos iniciando el ciclo lectivo 2026&#8221; advirti\u00f3 el secretario general, Fernando Ram\u00edrez, durante reportajes period\u00edsticos. El titular del SUTECO remarc\u00f3 que sin convocatoria a paritarias y sin recomposici\u00f3n salarial en blanco y por arriba de la inflaci\u00f3n, &#8220;no est\u00e1 garantizando el normal inicio de las clases&#8221; en la provincia de Corrientes. El planteo, surgido de las bases docentes, ya fue advertido &#8220;a la Ministra de Educaci\u00f3n, Ana Mi\u00f1o; durante la reuni\u00f3n que mantuvimos el 23 de enero pasado&#8221;. Aunque el SUTECO &#8220;desde octubre de 2025 venimos advirtiendo la necesidad de aumento al Salario B\u00e1sico, al Salario Inicial, mejorar el Escalaf\u00f3n, blanquear todas las sumas no remunerativas o en negro&#8221; para que tambi\u00e9n aumente &#8220;los haberes de las y los jubilados docentes&#8221;.<\/p>\n<p>Que &#8220;pasaron 6 meses de la \u00faltima actualizaci\u00f3n, estamos a semanas del inicio de clases, y seguimos sin novedades&#8221;, remarc\u00f3. Fernando Ram\u00edrez repas\u00f3 las demandas planteadas a la Ministra de Educaci\u00f3n: suba al Salario B\u00e1sico por arriba de la inflaci\u00f3n, blanqueo de todas las sumas en negro, Salario Inicial por encima de la l\u00ednea de pobreza, que el fondo compensador provincial sea remunerativo y bonificable, que el aguinaldo docente sea el 50% del salario de bolsillo, fin del pago en cuotas y eliminaci\u00f3n del cobro por terminaci\u00f3n de DNI, \u00cdtem Movilidad y Zona, plan de viviendas para docentes; mejoras para jubilados con plena vigencia del 82% m\u00f3vil.<\/p>\n<p>Fernando Ram\u00edrez advirti\u00f3 que Corrientes sufre de manera directa el impacto del &#8220;desfinanciamiento feroz al presupuesto educativo&#8221; que aplica el gobierno de Javier Milei. Eso incluye: incumplimiento de la Ley de Financiamiento Educativo, quita del FONID, congelamiento de obras escolares, quita de becas y computadoras, desfinanciamiento de comedores escolares, eliminaci\u00f3n de programas de formaci\u00f3n y capacitaci\u00f3n docente, quita de piso tecnol\u00f3gico y libros para los alumnos. &#8220;Todos esos fondos bajaban desde Naci\u00f3n y hoy no est\u00e1n m\u00e1s. En estas condiciones presupuestarias y sin aumento salarial, real y en blanco, no estar\u00eda inici\u00e1ndose el ciclo lectivo 2026&#8221;, reiter\u00f3 el secretario general del SUTECO. Temas en esta nota<\/p>\n","protected":false},"excerpt":{"rendered":"<p>En las \u00faltimas horas el Sindicato \u00danico de Trabajadores de la Educaci\u00f3n de Corrientes (SUTECO) activ\u00f3 mecanismos de consultas directa a la base docente sobre posibles medidas de acci\u00f3n directa, ante la falta de Paritaria Nacional, de Paritaria Provincial y sin actualizaci\u00f3n salarial en blanco hace seis (6) meses. En las \u00faltimas horas el Sindicato [&hellip;]<\/p>\n","protected":false},"author":2,"featured_media":6781,"comment_status":"open","ping_status":"open","sticky":false,"template":"","format":"standard","meta":{"footnotes":""},"categories":[65],"tags":[],"class_list":{"0":"post-6780","1":"post","2":"type-post","3":"status-publish","4":"format-standard","5":"has-post-thumbnail","7":"category-economia"},"_links":{"self":[{"href":"https:\/\/elpueblonoticia.com.ar\/web\/wp-json\/wp\/v2\/posts\/6780","targetHints":{"allow":["GET"]}}],"collection":[{"href":"https:\/\/elpueblonoticia.com.ar\/web\/wp-json\/wp\/v2\/posts"}],"about":[{"href":"https:\/\/elpueblonoticia.com.ar\/web\/wp-json\/wp\/v2\/types\/post"}],"author":[{"embeddable":true,"href":"https:\/\/elpueblonoticia.com.ar\/web\/wp-json\/wp\/v2\/users\/2"}],"replies":[{"embeddable":true,"href":"https:\/\/elpueblonoticia.com.ar\/web\/wp-json\/wp\/v2\/comments?post=6780"}],"version-history":[{"count":1,"href":"https:\/\/elpueblonoticia.com.ar\/web\/wp-json\/wp\/v2\/posts\/6780\/revisions"}],"predecessor-version":[{"id":6782,"href":"https:\/\/elpueblonoticia.com.ar\/web\/wp-json\/wp\/v2\/posts\/6780\/revisions\/6782"}],"wp:featuredmedia":[{"embeddable":true,"href":"https:\/\/elpueblonoticia.com.ar\/web\/wp-json\/wp\/v2\/media\/6781"}],"wp:attachment":[{"href":"https:\/\/elpueblonoticia.com.ar\/web\/wp-json\/wp\/v2\/media?parent=6780"}],"wp:term":[{"taxonomy":"category","embeddable":true,"href":"https:\/\/elpueblonoticia.com.ar\/web\/wp-json\/wp\/v2\/categories?post=6780"},{"taxonomy":"post_tag","embeddable":true,"href":"https:\/\/elpueblonoticia.com.ar\/web\/wp-json\/wp\/v2\/tags?post=6780"}],"curies":[{"name":"wp","href":"https:\/\/api.w.org\/{rel}","templated":true}]}}