{"id":6776,"date":"2026-02-09T12:11:07","date_gmt":"2026-02-09T15:11:07","guid":{"rendered":"https:\/\/elpueblonoticia.com.ar\/web\/?p=6776"},"modified":"2026-02-09T12:11:07","modified_gmt":"2026-02-09T15:11:07","slug":"el-gobernador-juan-pablo-valdes-asistio-al-festival-nacional-del-autentico-chamame-tradicional","status":"publish","type":"post","link":"https:\/\/elpueblonoticia.com.ar\/web\/2026\/02\/09\/el-gobernador-juan-pablo-valdes-asistio-al-festival-nacional-del-autentico-chamame-tradicional\/","title":{"rendered":"El gobernador Juan Pablo Vald\u00e9s asisti\u00f3 al Festival Nacional del Aut\u00e9ntico Chamam\u00e9 Tradicional"},"content":{"rendered":"<div class=\"copete_noticia\">Durante este\u00a0fin de semana,el gobernador Juan Pablo Vald\u00e9s acompa\u00f1\u00f3 el cierre del Festival Nacional del Aut\u00e9ntico Chamam\u00e9 Tradicional en Mburucuy\u00e1, una edici\u00f3n especial celebrada en homenaje a los 100 a\u00f1os de Salvador Miqueri. A trav\u00e9s de sus redes sociales, el mandatario destac\u00f3 el orgullo de vivir la cultura local en un encuentro que cont\u00f3 con una nueva pe\u00f1a y la participaci\u00f3n de m\u00e1s de 200 emprendedores.<\/div>\n<div class=\"cuerpo_noticia\">\nEn sus publicaciones, Vald\u00e9s detall\u00f3 que la masiva concurrencia gener\u00f3 un movimiento econ\u00f3mico fundamental para la zona, alcanzando un 95% de ocupaci\u00f3n hotelera con la llegada de miles de turistas a la denominada Cuna del Chamam\u00e9.<\/p>\n<p>El gobernador afirm\u00f3 en sus redes que &#8220;la expansi\u00f3n chamamecera es cultura pero tambi\u00e9n desarrollo y oportunidades&#8221;, instando a la comunidad a seguir trabajando de manera conjunta para impulsar el crecimiento regional.<\/p><\/div>\n","protected":false},"excerpt":{"rendered":"<p>Durante este\u00a0fin de semana,el gobernador Juan Pablo Vald\u00e9s acompa\u00f1\u00f3 el cierre del Festival Nacional del Aut\u00e9ntico Chamam\u00e9 Tradicional en Mburucuy\u00e1, una edici\u00f3n especial celebrada en homenaje a los 100 a\u00f1os de Salvador Miqueri. A trav\u00e9s de sus redes sociales, el mandatario destac\u00f3 el orgullo de vivir la cultura local en un encuentro que cont\u00f3 con [&hellip;]<\/p>\n","protected":false},"author":2,"featured_media":6777,"comment_status":"open","ping_status":"open","sticky":false,"template":"","format":"standard","meta":{"footnotes":""},"categories":[78],"tags":[],"class_list":{"0":"post-6776","1":"post","2":"type-post","3":"status-publish","4":"format-standard","5":"has-post-thumbnail","7":"category-generales"},"_links":{"self":[{"href":"https:\/\/elpueblonoticia.com.ar\/web\/wp-json\/wp\/v2\/posts\/6776","targetHints":{"allow":["GET"]}}],"collection":[{"href":"https:\/\/elpueblonoticia.com.ar\/web\/wp-json\/wp\/v2\/posts"}],"about":[{"href":"https:\/\/elpueblonoticia.com.ar\/web\/wp-json\/wp\/v2\/types\/post"}],"author":[{"embeddable":true,"href":"https:\/\/elpueblonoticia.com.ar\/web\/wp-json\/wp\/v2\/users\/2"}],"replies":[{"embeddable":true,"href":"https:\/\/elpueblonoticia.com.ar\/web\/wp-json\/wp\/v2\/comments?post=6776"}],"version-history":[{"count":1,"href":"https:\/\/elpueblonoticia.com.ar\/web\/wp-json\/wp\/v2\/posts\/6776\/revisions"}],"predecessor-version":[{"id":6778,"href":"https:\/\/elpueblonoticia.com.ar\/web\/wp-json\/wp\/v2\/posts\/6776\/revisions\/6778"}],"wp:featuredmedia":[{"embeddable":true,"href":"https:\/\/elpueblonoticia.com.ar\/web\/wp-json\/wp\/v2\/media\/6777"}],"wp:attachment":[{"href":"https:\/\/elpueblonoticia.com.ar\/web\/wp-json\/wp\/v2\/media?parent=6776"}],"wp:term":[{"taxonomy":"category","embeddable":true,"href":"https:\/\/elpueblonoticia.com.ar\/web\/wp-json\/wp\/v2\/categories?post=6776"},{"taxonomy":"post_tag","embeddable":true,"href":"https:\/\/elpueblonoticia.com.ar\/web\/wp-json\/wp\/v2\/tags?post=6776"}],"curies":[{"name":"wp","href":"https:\/\/api.w.org\/{rel}","templated":true}]}}