{"id":6768,"date":"2026-02-09T11:53:37","date_gmt":"2026-02-09T14:53:37","guid":{"rendered":"https:\/\/elpueblonoticia.com.ar\/web\/?p=6768"},"modified":"2026-02-09T11:53:37","modified_gmt":"2026-02-09T14:53:37","slug":"sindicatos-docentes-advierten-una-crisis-salarial-y-anticipan-un-escenario-de-conflicto-para-el-inicio-de-clases","status":"publish","type":"post","link":"https:\/\/elpueblonoticia.com.ar\/web\/2026\/02\/09\/sindicatos-docentes-advierten-una-crisis-salarial-y-anticipan-un-escenario-de-conflicto-para-el-inicio-de-clases\/","title":{"rendered":"Sindicatos docentes advierten una &#8220;crisis salarial&#8221; y anticipan un escenario de conflicto para el inicio de clases"},"content":{"rendered":"<p>Cuestionan la falta de recomposici\u00f3n salarial, alertan sobre el deterioro del poder adquisitivo y reclaman la reapertura urgente del di\u00e1logo con el Gobierno provincial.<\/p>\n<p>A pocas semanas del inicio del ciclo lectivo 2026, tanto el Sindicato \u00danico de Trabajadores dela Educaci\u00f3n Corrientes (Suteco) como la Asociaci\u00f3n Correntina de Docentes Provinciales (Acdp) han encendido las alarmas, denunciando que los salarios est\u00e1n &#8220;congelados&#8221; desde agosto del a\u00f1o pasado y advirtiendo que, bajo las condiciones actuales, el normal inicio de clases no est\u00e1 garantizado.<\/p>\n<p>En el Gobierno son conscientes de que el primero de los sindicatos es el que siempre arremete contra la gesti\u00f3n, en el que se encuentra debutando la flamante ministra de Educaci\u00f3n, Ana Mi\u00f1o.<\/p>\n<p>La ACD decidi\u00f3 mostrar un \u00edmpetu combativo, acopl\u00e1ndose a la de Suteco, quedando por ver c\u00f3mo accionar\u00e1n los otros cuatro sindicatos: Sadop (docentes privados), Amet (Asociaci\u00f3n del Magisterio de Ense\u00f1anza T\u00e9cnica), MUD (Movimiento Unificado de Docentes), y UDA (Uni\u00f3n Docentes Argentinos).<\/p>\n<p>En este sentido, la \u00a0ACDP remarc\u00f3 que urge discutir la cuesti\u00f3n salarial teniendo en cuenta la situaci\u00f3n generalizada de p\u00e9rdida acelerada del poder adquisitivo ante un escenario de permanente inflaci\u00f3n y de salarios pisados.<\/p>\n<p>Resaltaron que adem\u00e1s en la provincia de Corrientes los sueldos de los estatales se encuentran congelados desde agosto del a\u00f1o pasado, cuando en tiempos preelectorales, el \u00a0gobierno anterior otorg\u00f3 un 12 % de recomposici\u00f3n, ya en ese momento insuficiente aun en la sumatoria anual.<\/p>\n<p>&#8220;Es decir que ya van a ser seis meses de sueldos estancados m\u00e1s all\u00e1 del bono de fin de a\u00f1o en c\u00f3modas cuotas&#8221;, remarc\u00f3 el sindicalista.<\/p>\n<p>Desde el gremio comentaron que desde enero le han solicitado formalmente a la ministra, y en varias oportunidades, poder reunirse para interiorizarla sobre las problem\u00e1ticas y necesidades del sector, pero sin embargo no han tenido respuesta hasta el momento.<\/p>\n<p><strong>Paritaria nacional<\/strong><\/p>\n<p>Los sindicatos Uni\u00f3n Docentes Argentinos (UDA) y la Confederaci\u00f3n Educadores Argentinos (CEA) reiteraron su demanda por la convocatoria formal a una paritaria docente a nivel nacional, en un contexto de creciente tensi\u00f3n salarial.<\/p>\n<p>En ese marco, Sergio Romero, secretario general de la UDA y secretario de Pol\u00edticas Educativas de la Confederaci\u00f3n General del Trabajo (CGT), junto con Fabi\u00e1n Felman, secretario general de la CEA, destacaron que &#8220;el \u00faltimo aumento salarial fue resuelto de manera unilateral por el Gobierno Nacional y fue fijado por decreto en un monto de \u00a0$ 500.000, lo que ubica a la docencia en el terreno de la indignidad&#8221;.<\/p>\n<p>Asimismo, los dirigentes instaron a la Secretar\u00eda de Educaci\u00f3n de la Naci\u00f3n, conducida por Carlos Torrendell, a &#8220;convocar de manera urgente a la paritaria nacional, con voluntad de di\u00e1logo y con el objetivo de mejorar el salario docente&#8221;. Subrayaron que &#8220;no se puede mirar para otro lado frente a la situaci\u00f3n que atraviesan sus propios colegas en las aulas&#8221;.<\/p>\n<p>Finalmente, expresaron su &#8220;rechazo a la reforma laboral&#8221; impulsada por el Poder Ejecutivo, al considerar que &#8220;la iniciativa vulnera derechos de los trabajadores y pretende limitar reclamos leg\u00edtimos mediante la declaraci\u00f3n de la educaci\u00f3n como un servicio esencial&#8221;.<\/p>\n<p><strong>Mi\u00f1o recorri\u00f3 Monte Caseros y Paso de los Libres<\/strong><\/p>\n<p>La ministra de Educaci\u00f3n de Corrientes, Ana Mi\u00f1o, visit\u00f3 el viernes 6 de febrero las localidades de Monte Caseros y Paso de los Libres donde se reuni\u00f3 con los intendentes Juan Carlos \u00c1lvarez y Agust\u00edn Faraldo, tambi\u00e9n con directivos y representantes de instituciones educativas de ambas ciudades. Estos encuentros fueron los primeros del a\u00f1o y marcan una l\u00ednea de gesti\u00f3n enfocada a la proximidad y el di\u00e1logo.<\/p>\n<p>&#8220;El gobernador Juan Pablo Vald\u00e9s nos impulsa a estar cerca, a recorrer la provincia y escuchar a los actores de la educaci\u00f3n&#8221;, cont\u00f3 la funcionaria que el viernes estuvo en Monte Caseros y Paso de los Libres, donde se reuni\u00f3 con directivos y docentes de instituciones educativas de la zona. Fueron espacios de escucha e intercambio de ideas y contaron con la participaci\u00f3n de los intendentes \u00c1lvarez y Faraldo respectivamente: &#8220;Agradezco la presencia de los intendentes y vamos a trabajar con ellos de manera articulada&#8221;, confirm\u00f3.<\/p>\n<p>La ministra destac\u00f3 adem\u00e1s la buena predisposici\u00f3n de los presentes que hicieron planteos y sugerencias: &#8220;Vamos a trabajar en equipo para lograr lo mejor para la educaci\u00f3n de la provincia&#8221;, asegur\u00f3.<\/p>\n","protected":false},"excerpt":{"rendered":"<p>Cuestionan la falta de recomposici\u00f3n salarial, alertan sobre el deterioro del poder adquisitivo y reclaman la reapertura urgente del di\u00e1logo con el Gobierno provincial. A pocas semanas del inicio del ciclo lectivo 2026, tanto el Sindicato \u00danico de Trabajadores dela Educaci\u00f3n Corrientes (Suteco) como la Asociaci\u00f3n Correntina de Docentes Provinciales (Acdp) han encendido las alarmas, [&hellip;]<\/p>\n","protected":false},"author":2,"featured_media":6769,"comment_status":"open","ping_status":"open","sticky":false,"template":"","format":"standard","meta":{"footnotes":""},"categories":[66],"tags":[],"class_list":{"0":"post-6768","1":"post","2":"type-post","3":"status-publish","4":"format-standard","5":"has-post-thumbnail","7":"category-politica-nacionales"},"_links":{"self":[{"href":"https:\/\/elpueblonoticia.com.ar\/web\/wp-json\/wp\/v2\/posts\/6768","targetHints":{"allow":["GET"]}}],"collection":[{"href":"https:\/\/elpueblonoticia.com.ar\/web\/wp-json\/wp\/v2\/posts"}],"about":[{"href":"https:\/\/elpueblonoticia.com.ar\/web\/wp-json\/wp\/v2\/types\/post"}],"author":[{"embeddable":true,"href":"https:\/\/elpueblonoticia.com.ar\/web\/wp-json\/wp\/v2\/users\/2"}],"replies":[{"embeddable":true,"href":"https:\/\/elpueblonoticia.com.ar\/web\/wp-json\/wp\/v2\/comments?post=6768"}],"version-history":[{"count":1,"href":"https:\/\/elpueblonoticia.com.ar\/web\/wp-json\/wp\/v2\/posts\/6768\/revisions"}],"predecessor-version":[{"id":6770,"href":"https:\/\/elpueblonoticia.com.ar\/web\/wp-json\/wp\/v2\/posts\/6768\/revisions\/6770"}],"wp:featuredmedia":[{"embeddable":true,"href":"https:\/\/elpueblonoticia.com.ar\/web\/wp-json\/wp\/v2\/media\/6769"}],"wp:attachment":[{"href":"https:\/\/elpueblonoticia.com.ar\/web\/wp-json\/wp\/v2\/media?parent=6768"}],"wp:term":[{"taxonomy":"category","embeddable":true,"href":"https:\/\/elpueblonoticia.com.ar\/web\/wp-json\/wp\/v2\/categories?post=6768"},{"taxonomy":"post_tag","embeddable":true,"href":"https:\/\/elpueblonoticia.com.ar\/web\/wp-json\/wp\/v2\/tags?post=6768"}],"curies":[{"name":"wp","href":"https:\/\/api.w.org\/{rel}","templated":true}]}}