{"id":6764,"date":"2026-02-09T11:41:43","date_gmt":"2026-02-09T14:41:43","guid":{"rendered":"https:\/\/elpueblonoticia.com.ar\/web\/?p=6764"},"modified":"2026-02-09T11:41:43","modified_gmt":"2026-02-09T14:41:43","slug":"becaria-de-la-unne-descubre-la-ubicacion-de-una-proteina-clave-en-el-cancer-de-ovario","status":"publish","type":"post","link":"https:\/\/elpueblonoticia.com.ar\/web\/2026\/02\/09\/becaria-de-la-unne-descubre-la-ubicacion-de-una-proteina-clave-en-el-cancer-de-ovario\/","title":{"rendered":"Becaria de la Unne descubre la ubicaci\u00f3n de una prote\u00edna clave en el c\u00e1ncer de ovario"},"content":{"rendered":"<p>La investigaci\u00f3n relaciona la presencia de una prote\u00edna que provoca la proliferaci\u00f3n celular y la resistencia a la quimioterapia. Los resultados de este trabajo permitir\u00e1n crear nuevos tratamientos.<\/p>\n<p>La <strong>estudiante\u00a0<\/strong>de\u00a0<strong>Medicina\u00a0<\/strong>de la\u00a0<strong>Unne Sof\u00eda Perrin Turene\u00a0<\/strong>present\u00f3 un\u00a0<strong>trabajo de investigaci\u00f3n\u00a0<\/strong>sobre el\u00a0<strong>receptor HER2<\/strong>, una\u00a0<strong>prote\u00edna\u00a0<\/strong>que participa en el\u00a0<strong>desarrollo\u00a0<\/strong>de\u00a0<strong>distintos tipos de c\u00e1ncer ginecol\u00f3gico<\/strong>.<\/p>\n<div class=\"container-spot\" data-tipo=\"tipo_todo\" data-pos=\"NEW_P1_cuerpo\">\n<div class=\"gpt-load\" data-gpt=\"\/22675780113\/nota\/new_p1_cuerpo\" data-size=\"[[728, 90]]\" data-gpt-mobile=\"\/22675780113\/nota\/new_p1_cuerpo\" data-size-mobile=\"[[320, 100],[300, 250],[300, 100],[300, 50]]\"><\/div>\n<\/div>\n<p>El estudio lo lleva adelante gracias a una\u00a0<strong>Beca de Est\u00edmulo a las Vocaciones Cient\u00edficas\u00a0<\/strong>(EVC \u2013 CIN) y tiene como\u00a0<strong>directores\u00a0<\/strong>a los\u00a0<strong>doctores Maria Alicia Cort\u00e9s\u00a0<\/strong>(Conicet\/ Facultad de Medicina- Unne) y\u00a0<strong>Marcelo Mar\u00edn\u00a0<\/strong>(Biolog\u00eda Molecular- IMR- Unne).<\/p>\n<p>El\u00a0<strong>c\u00e1ncer de ovario\u00a0<\/strong>registr\u00f3\u00a0<strong>2.191 casos\u00a0<\/strong>nuevos en\u00a0<strong>Argentina durante 2022<\/strong>. Las\u00a0<strong>proyecciones\u00a0<\/strong>indican que\u00a0<strong>para 2045\u00a0<\/strong>esta cifra\u00a0<strong>podr\u00eda aumentar un 40,2%<\/strong>. La\u00a0<strong>mortalidad alcanz\u00f3 1.420 casos en 2022<\/strong>, con un\u00a0<strong>incremento estimado del 46,2%\u00a0<\/strong>para el mismo per\u00edodo.\u00a0<strong>Argentina\u00a0<\/strong>ocupa el\u00a0<strong>cuarto lugar\u00a0<\/strong>en\u00a0<strong>Am\u00e9rica Latina\u00a0<\/strong>seg\u00fan estas cifras, detr\u00e1s de Brasil, M\u00e9xico y Colombia.<\/p>\n<div class=\"container-spot\" data-tipo=\"tipo_todo\" data-pos=\"NEW_P2_cuerpo\">\n<div class=\"gpt-load\" data-gpt=\"\/22675780113\/nota\/new_p2_cuerpo\" data-size=\"[[728, 90]]\" data-gpt-mobile=\"\/22675780113\/nota\/new_p2_cuerpo\" data-size-mobile=\"[[320, 100],[320, 50],[300, 600],[300, 250],[300, 100],[300, 50]]\"><\/div>\n<\/div>\n<p>Los\u00a0<strong>receptores ErbB\u00a0<\/strong>son\u00a0<strong>prote\u00ednas\u00a0<\/strong>que se encuentran en la\u00a0<strong>superficie de las c\u00e9lulas<\/strong>. El\u00a0<strong>HER2\u00a0<\/strong>es uno de estos\u00a0<strong>receptores<\/strong>. Funcionan como\u00a0<strong>sensores\u00a0<\/strong>que\u00a0<strong>reciben se\u00f1ales externas\u00a0<\/strong>y las transmiten al interior de la c\u00e9lula, donde\u00a0<strong>influyen en procesos\u00a0<\/strong>como el\u00a0<strong>movimiento<\/strong>, la\u00a0<strong>divisi\u00f3n\u00a0<\/strong>y la\u00a0<strong>supervivencia celular<\/strong>.<\/p>\n<p>Hasta el momento, la\u00a0<strong>presencia de HER2\u00a0<\/strong>en el\u00a0<strong>c\u00e1ncer de ovario\u00a0<\/strong>muestra\u00a0<strong>cifras\u00a0<\/strong>que var\u00edan entre\u00a0<strong>el 5% y el 66%\u00a0<\/strong>seg\u00fan distintos estudios. Esta\u00a0<strong>variaci\u00f3n sugiere\u00a0<\/strong>que podr\u00eda utilizarse tanto para\u00a0<strong>evaluar el pron\u00f3stico\u00a0<\/strong>de la\u00a0<strong>enfermedad\u00a0<\/strong>como para\u00a0<strong>dise\u00f1ar tratamientos<\/strong>.<\/p>\n<div class=\"container-spot\" data-tipo=\"tipo_todo\" data-pos=\"NEW_P3_cuerpo\">\n<div class=\"gpt-load\" data-gpt=\"\/22675780113\/nota\/new_p3_cuerpo\" data-size=\"[[728, 90]]\" data-gpt-mobile=\"\/22675780113\/nota\/new_p3_cuerpo\" data-size-mobile=\"[[320, 100],[320, 50],[300, 250],[300, 100],[300, 50]]\"><\/div>\n<\/div>\n<p>El\u00a0<strong>estudio de la becaria encontr\u00f3\u00a0<\/strong>que\u00a0<strong>HER2 se expresa\u00a0<\/strong>en la\u00a0<strong>membrana celular\u00a0<\/strong>solo en el\u00a0<strong>4% de los casos\u00a0<\/strong>analizados.\u00a0<strong>Sin embargo<\/strong>, detect\u00f3 que esta prote\u00edna\u00a0<strong>aparece en el n\u00facleo de las c\u00e9lulas en un 38% de los casos<\/strong>. Esta localizaci\u00f3n nuclear podr\u00eda estar\u00a0<strong>vinculada con la activaci\u00f3n de mecanismos\u00a0<\/strong>que favorecen el\u00a0<strong>avance de la enfermedad<\/strong>.<\/p>\n<p><strong>HER2 pertenece\u00a0<\/strong>a un grupo de\u00a0<strong>cuatro receptores\u00a0<\/strong>relacionados con el\u00a0<strong>crecimiento celular<\/strong>.\u00a0<strong>Se lo considera oncog\u00e9nico\u00a0<\/strong>porque su presencia en tumores se\u00a0<strong>asocia\u00a0<\/strong>con el\u00a0<strong>desarrollo del c\u00e1ncer\u00a0<\/strong>y con la\u00a0<strong>resistencia a los tratamientos\u00a0<\/strong>de\u00a0<strong>quimioterapia<\/strong>.<\/p>\n<div class=\"container-spot\" data-tipo=\"tipo_todo\" data-pos=\"NEW_P4_cuerpo\">\n<div class=\"gpt-load\" data-gpt=\"\/22675780113\/nota\/new_p4_cuerpo\" data-size=\"[[728, 90]]\" data-gpt-mobile=\"\/22675780113\/nota\/new_p4_cuerpo\" data-size-mobile=\"[[300, 600],[300, 250],[300, 100],[300, 50],[320, 100],[320, 50]]\"><\/div>\n<\/div>\n<p>La\u00a0<strong>ubicaci\u00f3n\u00a0<\/strong>de\u00a0<strong>HER2 dentro de la c\u00e9lula resulta determinante<\/strong>. Aunque es un\u00a0<strong>receptor\u00a0<\/strong>que\u00a0<strong>normalmente\u00a0<\/strong>se encuentra en la\u00a0<strong>membrana<\/strong>, puede ingresar al interior y\u00a0<strong>actuar en el n\u00facleo\u00a0<\/strong>como\u00a0<strong>regulador\u00a0<\/strong>de la\u00a0<strong>actividad gen\u00e9tica<\/strong>. En el\u00a0<strong>c\u00e1ncer de ovario<\/strong>, la\u00a0<strong>presencia\u00a0<\/strong>de\u00a0<strong>HER2\u00a0<\/strong>en la membrana se\u00a0<strong>relaciona\u00a0<\/strong>con un\u00a0<strong>pron\u00f3stico desfavorable<\/strong>.<\/p>\n<p>En el\u00a0<strong>c\u00e1ncer de cuello uterino<\/strong>,\u00a0<strong>HER2\u00a0<\/strong>aparece en la membrana y se\u00a0<strong>vincula\u00a0<\/strong>con la\u00a0<strong>resistencia a los tratamientos<\/strong>. Para\u00a0<strong>casos avanzados\u00a0<\/strong>con\u00a0<strong>diseminaci\u00f3n\u00a0<\/strong>a otros \u00f3rganos, se propone\u00a0<strong>combinar\u00a0<\/strong>el\u00a0<strong>medicamento Herceptin con quimioterapia<\/strong>.\u00a0<strong>No existen estudios\u00a0<\/strong>sobre su\u00a0<strong>expresi\u00f3n en el n\u00facleo celular\u00a0<\/strong>en este\u00a0<strong>tipo de c\u00e1ncer<\/strong>.<\/p>\n<div class=\"container-spot\" data-tipo=\"tipo_todo\" data-pos=\"NEW_P5_cuerpo\">\n<div class=\"gpt-load\" data-gpt=\"\/22675780113\/nota\/new_p5_cuerpo\" data-size=\"[[728, 90]]\" data-gpt-mobile=\"\/22675780113\/nota\/new_p5_cuerpo\" data-size-mobile=\"[[300, 250],[300, 100],[300, 50]]\"><\/div>\n<\/div>\n<p>El\u00a0<strong>trabajo demuestra\u00a0<\/strong>que\u00a0<strong>HER2\u00a0<\/strong>est\u00e1 presente en el\u00a0<strong>n\u00facleo de las c\u00e9lulas\u00a0<\/strong>del\u00a0<strong>c\u00e1ncer de ovario<\/strong>, que su expresi\u00f3n en la membrana no es elevada, y que no se detecta en el c\u00e1ncer de cuello uterino.<\/p>\n","protected":false},"excerpt":{"rendered":"<p>La investigaci\u00f3n relaciona la presencia de una prote\u00edna que provoca la proliferaci\u00f3n celular y la resistencia a la quimioterapia. Los resultados de este trabajo permitir\u00e1n crear nuevos tratamientos. La estudiante\u00a0de\u00a0Medicina\u00a0de la\u00a0Unne Sof\u00eda Perrin Turene\u00a0present\u00f3 un\u00a0trabajo de investigaci\u00f3n\u00a0sobre el\u00a0receptor HER2, una\u00a0prote\u00edna\u00a0que participa en el\u00a0desarrollo\u00a0de\u00a0distintos tipos de c\u00e1ncer ginecol\u00f3gico. El estudio lo lleva adelante gracias a una\u00a0Beca [&hellip;]<\/p>\n","protected":false},"author":2,"featured_media":6765,"comment_status":"open","ping_status":"open","sticky":false,"template":"","format":"standard","meta":{"footnotes":""},"categories":[78],"tags":[],"class_list":{"0":"post-6764","1":"post","2":"type-post","3":"status-publish","4":"format-standard","5":"has-post-thumbnail","7":"category-generales"},"_links":{"self":[{"href":"https:\/\/elpueblonoticia.com.ar\/web\/wp-json\/wp\/v2\/posts\/6764","targetHints":{"allow":["GET"]}}],"collection":[{"href":"https:\/\/elpueblonoticia.com.ar\/web\/wp-json\/wp\/v2\/posts"}],"about":[{"href":"https:\/\/elpueblonoticia.com.ar\/web\/wp-json\/wp\/v2\/types\/post"}],"author":[{"embeddable":true,"href":"https:\/\/elpueblonoticia.com.ar\/web\/wp-json\/wp\/v2\/users\/2"}],"replies":[{"embeddable":true,"href":"https:\/\/elpueblonoticia.com.ar\/web\/wp-json\/wp\/v2\/comments?post=6764"}],"version-history":[{"count":1,"href":"https:\/\/elpueblonoticia.com.ar\/web\/wp-json\/wp\/v2\/posts\/6764\/revisions"}],"predecessor-version":[{"id":6766,"href":"https:\/\/elpueblonoticia.com.ar\/web\/wp-json\/wp\/v2\/posts\/6764\/revisions\/6766"}],"wp:featuredmedia":[{"embeddable":true,"href":"https:\/\/elpueblonoticia.com.ar\/web\/wp-json\/wp\/v2\/media\/6765"}],"wp:attachment":[{"href":"https:\/\/elpueblonoticia.com.ar\/web\/wp-json\/wp\/v2\/media?parent=6764"}],"wp:term":[{"taxonomy":"category","embeddable":true,"href":"https:\/\/elpueblonoticia.com.ar\/web\/wp-json\/wp\/v2\/categories?post=6764"},{"taxonomy":"post_tag","embeddable":true,"href":"https:\/\/elpueblonoticia.com.ar\/web\/wp-json\/wp\/v2\/tags?post=6764"}],"curies":[{"name":"wp","href":"https:\/\/api.w.org\/{rel}","templated":true}]}}