{"id":6760,"date":"2026-02-09T11:34:06","date_gmt":"2026-02-09T14:34:06","guid":{"rendered":"https:\/\/elpueblonoticia.com.ar\/web\/?p=6760"},"modified":"2026-02-09T11:34:06","modified_gmt":"2026-02-09T14:34:06","slug":"se-postergo-la-reunion-entre-juan-pablo-valdes-y-luis-caputo","status":"publish","type":"post","link":"https:\/\/elpueblonoticia.com.ar\/web\/2026\/02\/09\/se-postergo-la-reunion-entre-juan-pablo-valdes-y-luis-caputo\/","title":{"rendered":"Se posterg\u00f3 la reuni\u00f3n entre Juan Pablo Vald\u00e9s y Luis Caputo"},"content":{"rendered":"<p>El encuentro iba a realizarse este lunes en Buenos Aires y abordar\u00eda deudas, industria y obras estrat\u00e9gicas.<\/p>\n<p>Se posterg\u00f3 la reuni\u00f3n entre Juan Pablo Vald\u00e9s y Luis Caputo programada para este lunes. <strong>Iba a ser el primer encuentro del mandatario provincial con el funcionario del gobierno de Javier Milei.<\/strong><\/p>\n<div class=\"container-spot\" data-tipo=\"tipo_todo\" data-pos=\"NEW_P1_cuerpo\">\n<div class=\"gpt-load\" data-gpt=\"\/22675780113\/nota\/new_p1_cuerpo\" data-size=\"[[728, 90]]\" data-gpt-mobile=\"\/22675780113\/nota\/new_p1_cuerpo\" data-size-mobile=\"[[320, 100],[300, 250],[300, 100],[300, 50]]\"><\/div>\n<\/div>\n<p>El gobernador iba a realizar reclamos vinculados a la situaci\u00f3n financiera provincial, deudas nacionales y la realidad de sectores productivos estrat\u00e9gicos. La agenda,<strong>\u00a0 de la reuni\u00f3n reprogramada hasta nuevo aviso con fecha a confirmar<\/strong>,\u00a0incluir\u00eda\u00a0tambi\u00e9n pedidos de compensaci\u00f3n fiscal y obras clave para la provincia.<\/p>\n<p><strong>Seg\u00fan pudo saber ellitoral.com.ar, el Gobernador no viaj\u00f3 a Buenos Aires y en la comitiva s\u00f3lo se traslad\u00f3 a la Capital nacional la ministra de Industria, Mariel\u00a0Gabur.\u00a0<\/strong><\/p>\n<div class=\"container-spot\" data-tipo=\"tipo_todo\" data-pos=\"NEW_P2_cuerpo\">\n<div class=\"gpt-load\" data-gpt=\"\/22675780113\/nota\/new_p2_cuerpo\" data-size=\"[[728, 90]]\" data-gpt-mobile=\"\/22675780113\/nota\/new_p2_cuerpo\" data-size-mobile=\"[[320, 100],[320, 50],[300, 600],[300, 250],[300, 100],[300, 50]]\"><\/div>\n<\/div>\n<p><strong>Pedidos para la nueva reuni\u00f3n<\/strong><\/p>\n<p><strong>Entre los principales planteos figura la cancelaci\u00f3n de las deudas que la Naci\u00f3n mantiene con el Instituto de Previsi\u00f3n Social. Adem\u00e1s, volver\u00e1 a plantearse la posibilidad de compensar esos compromisos con la entrega de los predios del ex Regimiento de Infanter\u00eda 9.<\/strong><\/p>\n<div class=\"container-spot\" data-tipo=\"tipo_todo\" data-pos=\"NEW_P3_cuerpo\">\n<div class=\"gpt-load\" data-gpt=\"\/22675780113\/nota\/new_p3_cuerpo\" data-size=\"[[728, 90]]\" data-gpt-mobile=\"\/22675780113\/nota\/new_p3_cuerpo\" data-size-mobile=\"[[320, 100],[320, 50],[300, 250],[300, 100],[300, 50]]\"><\/div>\n<\/div>\n<p>El mandatario insisti\u00f3 en avanzar con la cesi\u00f3n de tierras en desuso, adem\u00e1s de otras propiedades que la provincia busca recibir como compensaci\u00f3n econ\u00f3mica. El predio del ex RI9 es reclamado desde 1983, cuando el entonces gobernador Jos\u00e9 Antonio \u201cPocho\u201d Romero Feris propuso su compra para construir viviendas.<\/p>\n<p><strong>Industria, empleo y situaci\u00f3n econ\u00f3mica<\/strong><\/p>\n<div class=\"container-spot\" data-tipo=\"tipo_todo\" data-pos=\"NEW_P4_cuerpo\">\n<div class=\"gpt-load\" data-gpt=\"\/22675780113\/nota\/new_p4_cuerpo\" data-size=\"[[728, 90]]\" data-gpt-mobile=\"\/22675780113\/nota\/new_p4_cuerpo\" data-size-mobile=\"[[300, 600],[300, 250],[300, 100],[300, 50],[320, 100],[320, 50]]\"><\/div>\n<\/div>\n<p><strong>El encuentro tambi\u00e9n deb\u00eda abordar la crisis de la industria textil y el escenario del sector forestal, considerados estrat\u00e9gicos para la econom\u00eda correntina. Vald\u00e9s anticip\u00f3 que buscar\u00e1 discutir pol\u00edticas que permitan impulsar la industrializaci\u00f3n de la materia prima local.<\/strong><\/p>\n<p>En declaraciones radiales, se\u00f1al\u00f3 que en Corrientes se aplica una pol\u00edtica de cero impuestos a la industria y tasas municipales escasas o nulas. Adem\u00e1s, plante\u00f3 la necesidad de acelerar gestiones vinculadas al desarrollo productivo y a la recuperaci\u00f3n de activos provinciales.<\/p>\n<div class=\"container-spot\" data-tipo=\"tipo_todo\" data-pos=\"NEW_P5_cuerpo\">\n<div class=\"gpt-load\" data-gpt=\"\/22675780113\/nota\/new_p5_cuerpo\" data-size=\"[[728, 90]]\" data-gpt-mobile=\"\/22675780113\/nota\/new_p5_cuerpo\" data-size-mobile=\"[[300, 250],[300, 100],[300, 50]]\"><\/div>\n<\/div>\n<p>La reuni\u00f3n se da tras el cierre de dos plantas de la empresa textil Emilio Alal Sacifi en Goya y Villa \u00c1ngela, que dej\u00f3 sin trabajo a 460 empleados. Seg\u00fan el gobernador, los centros productivos acumulaban p\u00e9rdidas operativas de 900 millones de pesos mensuales, lo que volvi\u00f3 inviable cualquier salvataje provincial.<\/p>\n<p><strong>La reuni\u00f3n forma parte de una etapa de di\u00e1logo institucional entre Naci\u00f3n y Provincia. La semana pasada, Vald\u00e9s mantuvo encuentros con funcionarios nacionales para fortalecer el v\u00ednculo pol\u00edtico y avanzar en una agenda com\u00fan orientada al desarrollo de Corrientes.<\/strong><\/p>\n","protected":false},"excerpt":{"rendered":"<p>El encuentro iba a realizarse este lunes en Buenos Aires y abordar\u00eda deudas, industria y obras estrat\u00e9gicas. Se posterg\u00f3 la reuni\u00f3n entre Juan Pablo Vald\u00e9s y Luis Caputo programada para este lunes. Iba a ser el primer encuentro del mandatario provincial con el funcionario del gobierno de Javier Milei. El gobernador iba a realizar reclamos [&hellip;]<\/p>\n","protected":false},"author":2,"featured_media":6761,"comment_status":"open","ping_status":"open","sticky":false,"template":"","format":"standard","meta":{"footnotes":""},"categories":[66],"tags":[],"class_list":{"0":"post-6760","1":"post","2":"type-post","3":"status-publish","4":"format-standard","5":"has-post-thumbnail","7":"category-politica-nacionales"},"_links":{"self":[{"href":"https:\/\/elpueblonoticia.com.ar\/web\/wp-json\/wp\/v2\/posts\/6760","targetHints":{"allow":["GET"]}}],"collection":[{"href":"https:\/\/elpueblonoticia.com.ar\/web\/wp-json\/wp\/v2\/posts"}],"about":[{"href":"https:\/\/elpueblonoticia.com.ar\/web\/wp-json\/wp\/v2\/types\/post"}],"author":[{"embeddable":true,"href":"https:\/\/elpueblonoticia.com.ar\/web\/wp-json\/wp\/v2\/users\/2"}],"replies":[{"embeddable":true,"href":"https:\/\/elpueblonoticia.com.ar\/web\/wp-json\/wp\/v2\/comments?post=6760"}],"version-history":[{"count":1,"href":"https:\/\/elpueblonoticia.com.ar\/web\/wp-json\/wp\/v2\/posts\/6760\/revisions"}],"predecessor-version":[{"id":6762,"href":"https:\/\/elpueblonoticia.com.ar\/web\/wp-json\/wp\/v2\/posts\/6760\/revisions\/6762"}],"wp:featuredmedia":[{"embeddable":true,"href":"https:\/\/elpueblonoticia.com.ar\/web\/wp-json\/wp\/v2\/media\/6761"}],"wp:attachment":[{"href":"https:\/\/elpueblonoticia.com.ar\/web\/wp-json\/wp\/v2\/media?parent=6760"}],"wp:term":[{"taxonomy":"category","embeddable":true,"href":"https:\/\/elpueblonoticia.com.ar\/web\/wp-json\/wp\/v2\/categories?post=6760"},{"taxonomy":"post_tag","embeddable":true,"href":"https:\/\/elpueblonoticia.com.ar\/web\/wp-json\/wp\/v2\/tags?post=6760"}],"curies":[{"name":"wp","href":"https:\/\/api.w.org\/{rel}","templated":true}]}}