{"id":6756,"date":"2026-02-09T11:26:27","date_gmt":"2026-02-09T14:26:27","guid":{"rendered":"https:\/\/elpueblonoticia.com.ar\/web\/?p=6756"},"modified":"2026-02-09T11:26:27","modified_gmt":"2026-02-09T14:26:27","slug":"entrega-de-carpas-de-almacigos-a-productores-de-tabaco","status":"publish","type":"post","link":"https:\/\/elpueblonoticia.com.ar\/web\/2026\/02\/09\/entrega-de-carpas-de-almacigos-a-productores-de-tabaco\/","title":{"rendered":"Entrega de carpas de alm\u00e1cigos a productores de tabaco"},"content":{"rendered":"<p>El \u00e1rea Producci\u00f3n del Instituto Provincial del Tabaco informa a los productores, que este martes 10 se pone en marcha la entrega de carpas de alm\u00e1cigos en instalaciones del galp\u00f3n de Insumos y continuar\u00e1 hasta el 27 de febrero, ubicado en avenida Benito Perello. Los interesados deben solicitar turnos v\u00eda WhatsApp 3777 &#8211; 643937<\/p>\n<p>&nbsp;<\/p>\n","protected":false},"excerpt":{"rendered":"<p>El \u00e1rea Producci\u00f3n del Instituto Provincial del Tabaco informa a los productores, que este martes 10 se pone en marcha la entrega de carpas de alm\u00e1cigos en instalaciones del galp\u00f3n de Insumos y continuar\u00e1 hasta el 27 de febrero, ubicado en avenida Benito Perello. Los interesados deben solicitar turnos v\u00eda WhatsApp 3777 &#8211; 643937 &nbsp;<\/p>\n","protected":false},"author":2,"featured_media":6757,"comment_status":"open","ping_status":"open","sticky":false,"template":"","format":"standard","meta":{"footnotes":""},"categories":[78],"tags":[],"class_list":{"0":"post-6756","1":"post","2":"type-post","3":"status-publish","4":"format-standard","5":"has-post-thumbnail","7":"category-generales"},"_links":{"self":[{"href":"https:\/\/elpueblonoticia.com.ar\/web\/wp-json\/wp\/v2\/posts\/6756","targetHints":{"allow":["GET"]}}],"collection":[{"href":"https:\/\/elpueblonoticia.com.ar\/web\/wp-json\/wp\/v2\/posts"}],"about":[{"href":"https:\/\/elpueblonoticia.com.ar\/web\/wp-json\/wp\/v2\/types\/post"}],"author":[{"embeddable":true,"href":"https:\/\/elpueblonoticia.com.ar\/web\/wp-json\/wp\/v2\/users\/2"}],"replies":[{"embeddable":true,"href":"https:\/\/elpueblonoticia.com.ar\/web\/wp-json\/wp\/v2\/comments?post=6756"}],"version-history":[{"count":1,"href":"https:\/\/elpueblonoticia.com.ar\/web\/wp-json\/wp\/v2\/posts\/6756\/revisions"}],"predecessor-version":[{"id":6758,"href":"https:\/\/elpueblonoticia.com.ar\/web\/wp-json\/wp\/v2\/posts\/6756\/revisions\/6758"}],"wp:featuredmedia":[{"embeddable":true,"href":"https:\/\/elpueblonoticia.com.ar\/web\/wp-json\/wp\/v2\/media\/6757"}],"wp:attachment":[{"href":"https:\/\/elpueblonoticia.com.ar\/web\/wp-json\/wp\/v2\/media?parent=6756"}],"wp:term":[{"taxonomy":"category","embeddable":true,"href":"https:\/\/elpueblonoticia.com.ar\/web\/wp-json\/wp\/v2\/categories?post=6756"},{"taxonomy":"post_tag","embeddable":true,"href":"https:\/\/elpueblonoticia.com.ar\/web\/wp-json\/wp\/v2\/tags?post=6756"}],"curies":[{"name":"wp","href":"https:\/\/api.w.org\/{rel}","templated":true}]}}