{"id":6747,"date":"2026-02-09T11:03:45","date_gmt":"2026-02-09T14:03:45","guid":{"rendered":"https:\/\/elpueblonoticia.com.ar\/web\/?p=6747"},"modified":"2026-02-09T11:03:45","modified_gmt":"2026-02-09T14:03:45","slug":"el-gobierno-se-instalara-en-el-congreso-para-encabezar-las-ultimas-negociaciones-por-las-reformas","status":"publish","type":"post","link":"https:\/\/elpueblonoticia.com.ar\/web\/2026\/02\/09\/el-gobierno-se-instalara-en-el-congreso-para-encabezar-las-ultimas-negociaciones-por-las-reformas\/","title":{"rendered":"El Gobierno se instalar\u00e1 en el Congreso para encabezar las \u00faltimas negociaciones por las reformas"},"content":{"rendered":"<div class=\"contenido\">\n<div id=\"modalIntrotext\">\n<div>Los principales integrantes del Gabinete pasar\u00e1n casi toda la semana en el recinto con el objetivo de evitar sorpresas de \u00faltimo momento. Todav\u00eda no se convoc\u00f3 a una nueva reuni\u00f3n de la mesa pol\u00edtica<\/div>\n<\/div>\n<div id=\"modalFulltext\"><img decoding=\"async\" id=\"202602091033371716\" class=\"validImg controledImg\" src=\"https:\/\/www.powernoticias.com\/images\/202602091033371716\" name=\"img-202602091033371716\" \/>El Gobierno encara una semana clave, en la que buscar\u00e1 los primeros triunfos legislativos del 2026 a trav\u00e9s de las medias sanciones del nuevo r\u00e9gimen penal juvenil y de la reforma laboral, por los que viene negociando con la oposici\u00f3n dialoguista desde comienzos de a\u00f1o.<\/p>\n<p>Ambos proyectos ser\u00e1n tratados durante estos d\u00edas, cada uno en una C\u00e1mara diferente, por lo que las \u00faltimas conversaciones que llevar\u00e1n adelante los referentes del oficialismo se dar\u00e1n pr\u00e1cticamente en simult\u00e1neo en el Senado y en Diputados.<\/p>\n<p>En el primero de esos recintos, el mi\u00e9rcoles se debatir\u00e1 la iniciativa que busca modernizar las leyes de trabajo, la cual gener\u00f3 una fuerte resistencia por parte de algunos sectores, especialmente el de los gremios, que si bien no consigui\u00f3 el consenso para convocar a un paro, s\u00ed anunci\u00f3 una movilizaci\u00f3n.<\/p>\n<p>Aunque son cr\u00edticos de esta norma que impulsa la administraci\u00f3n del presidente Javier Milei, los sindicatos todav\u00eda esperan una oportunidad para poder acordar cambios en algunos de los art\u00edculos que los perjudican, como las modificaciones en las cuotas solidarias y los fondos de las obras sociales.<\/p>\n<p>Por su parte, las provincias tambi\u00e9n elevaron una queja puntual: pidieron alg\u00fan tipo de compensaci\u00f3n por la ca\u00edda en las recaudaciones que significar\u00eda la baja de las al\u00edcuotas de Ganancias para las sociedades<\/p>\n<p>Aunque en un momento el Poder Ejecutivo prometi\u00f3 que iba a tomar algunas recomendaciones; recientemente, la c\u00fapula libertaria habr\u00eda decidido no hacer ning\u00fan retoque sobre el texto que ya tiene dictamen.<\/p>\n<p>En tanto, el jueves la batalla ser\u00e1 en Diputados, donde el escenario, en principio, estar\u00eda m\u00e1s claro, ya que el r\u00e9gimen penal juvenil contar\u00eda con el respaldo de varios bloques, y no solo de los aliados, como el PRO y el MID, sino tambi\u00e9n de otros que habitualmente est\u00e1n m\u00e1s alejados de La Libertad Avanza (LLA), como Encuentro Federal, de Miguel \u00c1ngel Pichetto.<\/p>\n<p>De todas formas, el oficialismo buscar\u00e1 que no haya sorpresas de \u00faltimo minuto, como sucedi\u00f3 en otras sesiones importantes en el pasado, e intentar\u00e1 asegurarse los votos antes de cada elecci\u00f3n.<\/p>\n<p>Para esto, seg\u00fan pudo saber Infobae, desde el martes, los principales enviados del Gobierno pr\u00e1cticamente se instalar\u00e1n en el Congreso para seguir de cerca las negociaciones finales.<\/p>\n<p>Hasta all\u00ed ir\u00e1n el ministro del Interior, Diego Santilli; el subsecretario de Gesti\u00f3n Institucional de la Presidencia, Eduardo \u201cLule\u201d Menem, y el secretario de Asuntos Estrat\u00e9gicos, Ignacio Devitt, en representaci\u00f3n del jefe de Gabinete, Manuel Adorni, quien por sus compromisos de gesti\u00f3n tendr\u00e1 menos tiempo para dedicarle a este asunto.<\/p>\n<p>Todos ellos estar\u00e1n exclusivamente abocados a ayudar al titular de la C\u00e1mara baja, Mart\u00edn Menem, y con la jefa de la bancada oficialista en el Senado, Patricia Bullrich, a sostener los votos para los proyectos que se van a discutir.<\/p>\n<p>El m\u00e1s complejo, como se mencion\u00f3, era el de la reforma laboral, que no contaba, por ejemplo, con el respaldo de los gobernadores que integran el grupo de Provincias Unidas, Mart\u00edn Llaryora (C\u00f3rdoba), Maximiliano Pullaro (Santa Fe), Ignacio \u201cNacho\u201d Torres (Chubut), Carlos Sadir (Jujuy) y Claudio Vidal (Santa Cruz)<\/p>\n<p>\u201cEllos no apoyan el desfinanciamiento a las provincias. Menos en este contexto de ca\u00edda de coparticipaci\u00f3n y recaudaci\u00f3n a nivel local. Ya hicieron el ajuste las provincias. Esa es la postura del espacio\u201d, asegur\u00f3 una persona con di\u00e1logo fluido con uno de ellos.<\/p>\n<p>Sin embargo, a pesar de los cuestionamientos, Llaryora y Pullaro suspendieron una reuni\u00f3n que iban a tener con dirigentes de la CGT, en un gesto de no querer romper el v\u00ednculo con la Casa Rosada.<\/p>\n<p>Por su parte, Torres aparece como un jugador clave, con influencia no solo sobre Andrea Cristina, del Frente PRO, sino tambi\u00e9n sobre Edith Terenzi, del monobloque Despierta Chubut.<\/p>\n<p>Asimismo, por un pedido de Santilli a varios de los protagonistas, el Ejecutivo logr\u00f3 suspender un encuentro que los mandatarios ten\u00edan previsto encabezar la semana pasada en el Consejo Federal de Inversiones (CFI) para analizar la reforma y acordar una postura en com\u00fan.<\/p>\n<p>Por otra parte, todav\u00eda Adorni no convoc\u00f3 a una nueva cumbre de la mesa pol\u00edtica nacional, que integra junto a Santilli, Bullrich, Devitt, la secretaria general de la Presidencia, Karina Milei, y el asesor, Santiago Caputo.<\/p>\n<p>El grupo se volver\u00eda a ver esta semana para terminar de delinear la estrategia legislativa y pensar c\u00f3mo avanzar con el resto de los asuntos que est\u00e1n en agenda, como la ley de glaciares y los acuerdos comerciales con los Estados Unidos y entre el Mercosur y la Uni\u00f3n Europea.<\/p>\n<p>Por otro lado, y tal como anticip\u00f3 este medio, la c\u00fapula libertaria eval\u00faa extender un d\u00eda las sesiones extraordinarias para aprobar la reforma laboral antes del 1 de marzo, ya que con los plazos actuales se complican los tiempos para que sea sancionada antes de esa fecha.<\/p>\n<p>Todos estos puntos debe resolver la Casa Rosada en estos d\u00edas en los que, finalmente, el Presidente estar\u00e1 en el pa\u00eds, tras haber cancelado el viaje a Miami por cuestiones de agenda y para consentrarse, justamente, en los conflictos locales.<\/p><\/div>\n<div>\n<div id=\"117986-4\"><\/div>\n<div id=\"117986-6\"><\/div>\n<div id=\"117986-3\"><\/div>\n<\/div>\n<\/div>\n<div class=\"modalRedes\"><\/div>\n","protected":false},"excerpt":{"rendered":"<p>Los principales integrantes del Gabinete pasar\u00e1n casi toda la semana en el recinto con el objetivo de evitar sorpresas de \u00faltimo momento. Todav\u00eda no se convoc\u00f3 a una nueva reuni\u00f3n de la mesa pol\u00edtica El Gobierno encara una semana clave, en la que buscar\u00e1 los primeros triunfos legislativos del 2026 a trav\u00e9s de las medias [&hellip;]<\/p>\n","protected":false},"author":2,"featured_media":6748,"comment_status":"open","ping_status":"open","sticky":false,"template":"","format":"standard","meta":{"footnotes":""},"categories":[66],"tags":[],"class_list":{"0":"post-6747","1":"post","2":"type-post","3":"status-publish","4":"format-standard","5":"has-post-thumbnail","7":"category-politica-nacionales"},"_links":{"self":[{"href":"https:\/\/elpueblonoticia.com.ar\/web\/wp-json\/wp\/v2\/posts\/6747","targetHints":{"allow":["GET"]}}],"collection":[{"href":"https:\/\/elpueblonoticia.com.ar\/web\/wp-json\/wp\/v2\/posts"}],"about":[{"href":"https:\/\/elpueblonoticia.com.ar\/web\/wp-json\/wp\/v2\/types\/post"}],"author":[{"embeddable":true,"href":"https:\/\/elpueblonoticia.com.ar\/web\/wp-json\/wp\/v2\/users\/2"}],"replies":[{"embeddable":true,"href":"https:\/\/elpueblonoticia.com.ar\/web\/wp-json\/wp\/v2\/comments?post=6747"}],"version-history":[{"count":1,"href":"https:\/\/elpueblonoticia.com.ar\/web\/wp-json\/wp\/v2\/posts\/6747\/revisions"}],"predecessor-version":[{"id":6749,"href":"https:\/\/elpueblonoticia.com.ar\/web\/wp-json\/wp\/v2\/posts\/6747\/revisions\/6749"}],"wp:featuredmedia":[{"embeddable":true,"href":"https:\/\/elpueblonoticia.com.ar\/web\/wp-json\/wp\/v2\/media\/6748"}],"wp:attachment":[{"href":"https:\/\/elpueblonoticia.com.ar\/web\/wp-json\/wp\/v2\/media?parent=6747"}],"wp:term":[{"taxonomy":"category","embeddable":true,"href":"https:\/\/elpueblonoticia.com.ar\/web\/wp-json\/wp\/v2\/categories?post=6747"},{"taxonomy":"post_tag","embeddable":true,"href":"https:\/\/elpueblonoticia.com.ar\/web\/wp-json\/wp\/v2\/tags?post=6747"}],"curies":[{"name":"wp","href":"https:\/\/api.w.org\/{rel}","templated":true}]}}