{"id":6734,"date":"2026-02-09T10:40:05","date_gmt":"2026-02-09T13:40:05","guid":{"rendered":"https:\/\/elpueblonoticia.com.ar\/web\/?p=6734"},"modified":"2026-02-09T10:40:05","modified_gmt":"2026-02-09T13:40:05","slug":"adorni-aseguro-que-podrian-cerrar-la-tv-publica-pero-solo-le-van-a-cambiar-el-nombre","status":"publish","type":"post","link":"https:\/\/elpueblonoticia.com.ar\/web\/2026\/02\/09\/adorni-aseguro-que-podrian-cerrar-la-tv-publica-pero-solo-le-van-a-cambiar-el-nombre\/","title":{"rendered":"Adorni asegur\u00f3 que podr\u00edan cerrar la TV P\u00fablica, pero s\u00f3lo le van a cambiar el nombre"},"content":{"rendered":"<div id=\"modalIntrotext\">\n<div>El jefe de Gabinete de la Naci\u00f3n asegur\u00f3 que si bien \u201cla ley no permite privatizarla\u201d, lo que s\u00ed pueden hacer es \u201cachicar el gasto\u201d.<\/div>\n<\/div>\n<div id=\"modalFulltext\"><img decoding=\"async\" id=\"202602090924390714\" class=\"validImg controledImg\" src=\"https:\/\/www.powernoticias.com\/images\/202602090924390714\" name=\"img-202602090924390714\" \/>Buenos Aires, 8 febrero (NA) \u2013 El jefe de Gabinete, Manuel Adorni, asegur\u00f3 que podr\u00edan cerrar la Televisi\u00f3n P\u00fablica, sin embargo, por el momento, s\u00f3lo le van a cambiar el nombre. Asimismo, record\u00f3 que aunque \u201cpor ley est\u00e1 prohibido privatizarla&#8221;, desde el Poder Ejecutivo tienen la potestad de \u201cachicarla lo m\u00e1s que se pueda\u201d, con el fin de no generar m\u00e1s gastos.<\/p>\n<p>\u201cHay que hacerla eficiente en t\u00e9rminos de achicarla todo lo que se pueda, en virtud de no tener que privatizarla. Est\u00e1 la chance de cerrarla, podr\u00edamos bajarle la llave, pero por ahora le vamos a cambiar el nombre&#8221;, asegur\u00f3 el funcionario libertario en un streaming.<\/p>\n<p>En la misma l\u00ednea, dio la \u201cprimicia\u201d sobre el cambio de nombre de la se\u00f1al, ya que no se va a llamar m\u00e1s TV P\u00fablica, porque consideran que, en esta nueva etapa, \u201cy a trav\u00e9s de retiros voluntarios y de determinados procedimientos que no vienen al caso\u201d, pueden mostrar \u201cun cambio simb\u00f3lico\u201d acerca del camino que quiere tomar La Libertad Avanza (LLA).<\/p>\n<p>En la entrevista que brind\u00f3 a Infobae, el funcionario se\u00f1alo que es posible que el actual nombre suene \u201ckirchnerista\u201d y, remarc\u00f3 que, desde la asunci\u00f3n del presidente Javier Milei, &#8220;todo lo que sea carteler\u00eda con contenido ideol\u00f3gico&#8221; tiene la orden de ser retirado.<\/p>\n<p>La situaci\u00f3n actual de los empleados de la TV P\u00fablica atraviesa un proceso de profunda reestructuraci\u00f3n bajo la intervenci\u00f3n estatal, que ha sido prorrogada recientemente, debido a que el Gobierno Nacional oficializ\u00f3 la continuidad de la intervenci\u00f3n en Radio y Televisi\u00f3n Argentina (RTA), que incluye a la TV P\u00fablica y Radio Nacional, seg\u00fan el Decreto 79\/2026. Este proceso se extendi\u00f3 hasta el 1\u00ba de febrero de 2027.<\/p>\n<p>Por otra parte, el plan de retiros voluntarios al que se refiri\u00f3 Adorni en la entrevista, busca reducir la plantilla de los medios p\u00fablicos en aproximadamente 500 puestos de trabajo, un 20% del total actual de 2.400 empleados, y que afecta a periodistas, productores y tambi\u00e9n personal administrativo, no s\u00f3lo de la TV P\u00fablica, sino tambi\u00e9n de las 50 emisoras de Radio Nacional.<\/p>\n<p>Tal como lo dej\u00f3 claro el jefe de Gabinete, esta gesti\u00f3n considera &#8220;excesiva&#8221; la dotaci\u00f3n actual de trabajadores, y donde en la TV P\u00fablica, particularmente, asciende a casi 1.300 empleados. __IP__<\/p>\n<p>Con respecto a los salarios, los gremios como SATSAID, SiPreBA, APJ y SALCo, denuncian una p\u00e9rdida significativa del poder adquisitivo, debido a que los sueldos estuvieron pr\u00e1cticamente congelados desde agosto de 2024, lo que ha llevado a muchos por debajo de la l\u00ednea de pobreza.<\/p>\n<p>Al mismo tiempo, los trabajadores del la TV P\u00fablica rechazan fuertemente la reforma laboral y advierten que podr\u00eda causar un &#8220;da\u00f1o irreversible&#8221; a los medios p\u00fablicos. #AgenciaNA<\/p><\/div>\n","protected":false},"excerpt":{"rendered":"<p>El jefe de Gabinete de la Naci\u00f3n asegur\u00f3 que si bien \u201cla ley no permite privatizarla\u201d, lo que s\u00ed pueden hacer es \u201cachicar el gasto\u201d. Buenos Aires, 8 febrero (NA) \u2013 El jefe de Gabinete, Manuel Adorni, asegur\u00f3 que podr\u00edan cerrar la Televisi\u00f3n P\u00fablica, sin embargo, por el momento, s\u00f3lo le van a cambiar el [&hellip;]<\/p>\n","protected":false},"author":2,"featured_media":6735,"comment_status":"open","ping_status":"open","sticky":false,"template":"","format":"standard","meta":{"footnotes":""},"categories":[64],"tags":[],"class_list":{"0":"post-6734","1":"post","2":"type-post","3":"status-publish","4":"format-standard","5":"has-post-thumbnail","7":"category-nacionales"},"_links":{"self":[{"href":"https:\/\/elpueblonoticia.com.ar\/web\/wp-json\/wp\/v2\/posts\/6734","targetHints":{"allow":["GET"]}}],"collection":[{"href":"https:\/\/elpueblonoticia.com.ar\/web\/wp-json\/wp\/v2\/posts"}],"about":[{"href":"https:\/\/elpueblonoticia.com.ar\/web\/wp-json\/wp\/v2\/types\/post"}],"author":[{"embeddable":true,"href":"https:\/\/elpueblonoticia.com.ar\/web\/wp-json\/wp\/v2\/users\/2"}],"replies":[{"embeddable":true,"href":"https:\/\/elpueblonoticia.com.ar\/web\/wp-json\/wp\/v2\/comments?post=6734"}],"version-history":[{"count":1,"href":"https:\/\/elpueblonoticia.com.ar\/web\/wp-json\/wp\/v2\/posts\/6734\/revisions"}],"predecessor-version":[{"id":6736,"href":"https:\/\/elpueblonoticia.com.ar\/web\/wp-json\/wp\/v2\/posts\/6734\/revisions\/6736"}],"wp:featuredmedia":[{"embeddable":true,"href":"https:\/\/elpueblonoticia.com.ar\/web\/wp-json\/wp\/v2\/media\/6735"}],"wp:attachment":[{"href":"https:\/\/elpueblonoticia.com.ar\/web\/wp-json\/wp\/v2\/media?parent=6734"}],"wp:term":[{"taxonomy":"category","embeddable":true,"href":"https:\/\/elpueblonoticia.com.ar\/web\/wp-json\/wp\/v2\/categories?post=6734"},{"taxonomy":"post_tag","embeddable":true,"href":"https:\/\/elpueblonoticia.com.ar\/web\/wp-json\/wp\/v2\/tags?post=6734"}],"curies":[{"name":"wp","href":"https:\/\/api.w.org\/{rel}","templated":true}]}}