{"id":6726,"date":"2026-02-09T09:57:08","date_gmt":"2026-02-09T12:57:08","guid":{"rendered":"https:\/\/elpueblonoticia.com.ar\/web\/?p=6726"},"modified":"2026-02-09T09:57:08","modified_gmt":"2026-02-09T12:57:08","slug":"mburucuya-ricardo-colombi-reaparecio-y-hasta-bailo-con-virginia-gallardo","status":"publish","type":"post","link":"https:\/\/elpueblonoticia.com.ar\/web\/2026\/02\/09\/mburucuya-ricardo-colombi-reaparecio-y-hasta-bailo-con-virginia-gallardo\/","title":{"rendered":"Mburucuy\u00e1: Ricardo Colombi reapareci\u00f3 y hasta bail\u00f3 con Virginia Gallardo"},"content":{"rendered":"<p><strong>El senador provincial \u201cRicardo Colombi\u201d se sum\u00f3 en la segunda noche del festival del Chamam\u00e9 y le meti\u00f3 baile. Con gesto de alegr\u00eda, no muy com\u00fan en \u00e9l, se lo vi\u00f3 disfrutar del festival qu\u00e9 siempre le di\u00f3 apoyo e importancia en sus gestiones como gobernador.<\/strong><\/p>\n<div id=\"sm-it-main-container-1770596582578\" class=\"sm-it-main-container\" data-it=\"4001dd72-553f-4980-88c4-0bc671ae8ef5\" data-device=\"desktop\" data-index=\"0\">\n<div id=\"sm-reference-1770596582578\" class=\"sm-reference\"><\/div>\n<\/div>\n<p>El tres veces gobernador de la provincia de corrientes y actual senador provincial Mercede\u00f1o \u201cRicardo Colombi\u201d disfrut\u00f3 bailando el el Chamam\u00e9 Tradicional. Felicit\u00f3 al intendente \u201cEdgar Galarza Florent\u00edn\u201d y al Viceintendente \u201cSebasti\u00e1n Guastavino\u201d por el esfuerzo de dicho festival.<\/p>\n<p>Luego de su malograda elecci\u00f3n \u00faltima, Colombi lleg\u00f3 a la tierra de Salvador Miqueri haciendo tambi\u00e9n un sondeo de c\u00f3mo est\u00e1 en la opini\u00f3n p\u00fablica. Bail\u00f3, salud\u00f3, disfrut\u00f3 y se retir\u00f3 conforme por el afecto que le brind\u00f3 la gente de lugar.<\/p>\n<p>Alguan vez, el mercede\u00f1o acus\u00f3 a algunos correligionarios qu\u00e9 lo quer\u00edan jubilar. Al parecer todav\u00eda sus papeles no llegaron al ANSES.<\/p>\n<p>FUENTE: CORRIENTES HOY<\/p>\n","protected":false},"excerpt":{"rendered":"<p>El senador provincial \u201cRicardo Colombi\u201d se sum\u00f3 en la segunda noche del festival del Chamam\u00e9 y le meti\u00f3 baile. Con gesto de alegr\u00eda, no muy com\u00fan en \u00e9l, se lo vi\u00f3 disfrutar del festival qu\u00e9 siempre le di\u00f3 apoyo e importancia en sus gestiones como gobernador. El tres veces gobernador de la provincia de corrientes [&hellip;]<\/p>\n","protected":false},"author":2,"featured_media":6727,"comment_status":"open","ping_status":"open","sticky":false,"template":"","format":"standard","meta":{"footnotes":""},"categories":[78],"tags":[],"class_list":{"0":"post-6726","1":"post","2":"type-post","3":"status-publish","4":"format-standard","5":"has-post-thumbnail","7":"category-generales"},"_links":{"self":[{"href":"https:\/\/elpueblonoticia.com.ar\/web\/wp-json\/wp\/v2\/posts\/6726","targetHints":{"allow":["GET"]}}],"collection":[{"href":"https:\/\/elpueblonoticia.com.ar\/web\/wp-json\/wp\/v2\/posts"}],"about":[{"href":"https:\/\/elpueblonoticia.com.ar\/web\/wp-json\/wp\/v2\/types\/post"}],"author":[{"embeddable":true,"href":"https:\/\/elpueblonoticia.com.ar\/web\/wp-json\/wp\/v2\/users\/2"}],"replies":[{"embeddable":true,"href":"https:\/\/elpueblonoticia.com.ar\/web\/wp-json\/wp\/v2\/comments?post=6726"}],"version-history":[{"count":1,"href":"https:\/\/elpueblonoticia.com.ar\/web\/wp-json\/wp\/v2\/posts\/6726\/revisions"}],"predecessor-version":[{"id":6728,"href":"https:\/\/elpueblonoticia.com.ar\/web\/wp-json\/wp\/v2\/posts\/6726\/revisions\/6728"}],"wp:featuredmedia":[{"embeddable":true,"href":"https:\/\/elpueblonoticia.com.ar\/web\/wp-json\/wp\/v2\/media\/6727"}],"wp:attachment":[{"href":"https:\/\/elpueblonoticia.com.ar\/web\/wp-json\/wp\/v2\/media?parent=6726"}],"wp:term":[{"taxonomy":"category","embeddable":true,"href":"https:\/\/elpueblonoticia.com.ar\/web\/wp-json\/wp\/v2\/categories?post=6726"},{"taxonomy":"post_tag","embeddable":true,"href":"https:\/\/elpueblonoticia.com.ar\/web\/wp-json\/wp\/v2\/tags?post=6726"}],"curies":[{"name":"wp","href":"https:\/\/api.w.org\/{rel}","templated":true}]}}