{"id":6722,"date":"2026-02-09T09:45:53","date_gmt":"2026-02-09T12:45:53","guid":{"rendered":"https:\/\/elpueblonoticia.com.ar\/web\/?p=6722"},"modified":"2026-02-09T09:45:53","modified_gmt":"2026-02-09T12:45:53","slug":"incendio-forestal-en-monte-caseros-intervencion-de-bomberos-y-policia-rural","status":"publish","type":"post","link":"https:\/\/elpueblonoticia.com.ar\/web\/2026\/02\/09\/incendio-forestal-en-monte-caseros-intervencion-de-bomberos-y-policia-rural\/","title":{"rendered":"Incendio forestal en Monte Caseros: intervenci\u00f3n de bomberos y polic\u00eda rural"},"content":{"rendered":"<div id=\"modalIntrotext\">\n<div><img decoding=\"async\" id=\"202602082153156161\" class=\"validImg controledImg\" src=\"https:\/\/www.powernoticias.com\/images\/202602082153156161\" name=\"img-202602082153156161\" \/><\/div>\n<div>En la noche de este martes, alrededor de las 20:50, personal de Bomberos Voluntarios de Monte Caseros solicit\u00f3 colaboraci\u00f3n a la Unidad Especial de Seguridad Rural y Ecol\u00f3gica por un foco \u00edgneo registrado en cercan\u00edas de una empaquetadora de citrus, propiedad del Sr. Argento Emilio. Ante el requerimiento, una comisi\u00f3n policial se dirigi\u00f3 de inmediato al lugar a bordo del m\u00f3vil interno C-470, que se encontraba en recorrida preventiva.<\/div>\n<div><\/div>\n<div>\n<div class=\"contenido\">\n<div id=\"modalFulltext\">\n<div>Al arribar, se constat\u00f3 la existencia de un incendio activo en una zona con abundante vegetaci\u00f3n, trat\u00e1ndose de una forestaci\u00f3n antigua de eucaliptos con monte espeso, lo que dificult\u00f3 el acceso al campo. Seg\u00fan inform\u00f3 el jefe de la dotaci\u00f3n de Bomberos, Horacio Virilli, se realizaron intensas tareas para controlar el foco, trabajando sobre el sector Oeste y ejecutando contrafuego en la zona Noreste.<\/div>\n<div><\/div>\n<div>La forestaci\u00f3n afectada pertenecer\u00eda a un productor domiciliado en la ciudad de Chajar\u00ed, provincia de Entre R\u00edos. Por el hecho, se iniciaron actuaciones de oficio por Supuesto Incendio y Estragos, conforme a los art\u00edculos 186, 187, 188 y 189 del C\u00f3digo Penal Argentino, con intervenci\u00f3n del Fiscal Dr. Ricardo L\u00f3pez Ruiz.<\/div>\n<\/div>\n<div>\n<div id=\"117986-4\"><\/div>\n<div id=\"117986-6\"><\/div>\n<div id=\"117986-3\"><\/div>\n<\/div>\n<\/div>\n<div class=\"modalRedes\"><\/div>\n<\/div>\n<\/div>\n","protected":false},"excerpt":{"rendered":"<p>En la noche de este martes, alrededor de las 20:50, personal de Bomberos Voluntarios de Monte Caseros solicit\u00f3 colaboraci\u00f3n a la Unidad Especial de Seguridad Rural y Ecol\u00f3gica por un foco \u00edgneo registrado en cercan\u00edas de una empaquetadora de citrus, propiedad del Sr. Argento Emilio. Ante el requerimiento, una comisi\u00f3n policial se dirigi\u00f3 de inmediato [&hellip;]<\/p>\n","protected":false},"author":2,"featured_media":6723,"comment_status":"open","ping_status":"open","sticky":false,"template":"","format":"standard","meta":{"footnotes":""},"categories":[78],"tags":[],"class_list":{"0":"post-6722","1":"post","2":"type-post","3":"status-publish","4":"format-standard","5":"has-post-thumbnail","7":"category-generales"},"_links":{"self":[{"href":"https:\/\/elpueblonoticia.com.ar\/web\/wp-json\/wp\/v2\/posts\/6722","targetHints":{"allow":["GET"]}}],"collection":[{"href":"https:\/\/elpueblonoticia.com.ar\/web\/wp-json\/wp\/v2\/posts"}],"about":[{"href":"https:\/\/elpueblonoticia.com.ar\/web\/wp-json\/wp\/v2\/types\/post"}],"author":[{"embeddable":true,"href":"https:\/\/elpueblonoticia.com.ar\/web\/wp-json\/wp\/v2\/users\/2"}],"replies":[{"embeddable":true,"href":"https:\/\/elpueblonoticia.com.ar\/web\/wp-json\/wp\/v2\/comments?post=6722"}],"version-history":[{"count":1,"href":"https:\/\/elpueblonoticia.com.ar\/web\/wp-json\/wp\/v2\/posts\/6722\/revisions"}],"predecessor-version":[{"id":6724,"href":"https:\/\/elpueblonoticia.com.ar\/web\/wp-json\/wp\/v2\/posts\/6722\/revisions\/6724"}],"wp:featuredmedia":[{"embeddable":true,"href":"https:\/\/elpueblonoticia.com.ar\/web\/wp-json\/wp\/v2\/media\/6723"}],"wp:attachment":[{"href":"https:\/\/elpueblonoticia.com.ar\/web\/wp-json\/wp\/v2\/media?parent=6722"}],"wp:term":[{"taxonomy":"category","embeddable":true,"href":"https:\/\/elpueblonoticia.com.ar\/web\/wp-json\/wp\/v2\/categories?post=6722"},{"taxonomy":"post_tag","embeddable":true,"href":"https:\/\/elpueblonoticia.com.ar\/web\/wp-json\/wp\/v2\/tags?post=6722"}],"curies":[{"name":"wp","href":"https:\/\/api.w.org\/{rel}","templated":true}]}}