{"id":6709,"date":"2026-02-09T09:15:24","date_gmt":"2026-02-09T12:15:24","guid":{"rendered":"https:\/\/elpueblonoticia.com.ar\/web\/?p=6709"},"modified":"2026-02-09T09:15:24","modified_gmt":"2026-02-09T12:15:24","slug":"joven-murio-tras-chocar-e-incendiarse-su-moto-en-corrientes","status":"publish","type":"post","link":"https:\/\/elpueblonoticia.com.ar\/web\/2026\/02\/09\/joven-murio-tras-chocar-e-incendiarse-su-moto-en-corrientes\/","title":{"rendered":"Joven muri\u00f3 tras chocar e incendiarse su moto en Corrientes"},"content":{"rendered":"<div id=\"modalIntrotext\">\n<div>El sujeto habr\u00eda perdido el control y derrapado a alta velocidad sobre el asfalto. Fue asistido en el lugar y luego trasladado de urgencia al Hospital Escuela. Por la gravedad de las heridas, falleci\u00f3 en la noche de este s\u00e1bado.<\/div>\n<\/div>\n<div><\/div>\n<div><\/div>\n<div><\/div>\n<div id=\"modalIntrotext\">\n<div>\n<div class=\"contenido\">\n<div id=\"modalFulltext\">El siniestro vial ocurri\u00f3 durante la tarde de este s\u00e1bado. Fue en la banda lateral norte de la avenida Independencia, a metros del cruce con calle Medrano. Fuentes indicaron que la v\u00edctima fatal fue identificada con el apellido Fleitas. Circulaba a bordo de una moto Honda CBR de 1.000 cent\u00edmetros c\u00fabicos.<\/p>\n<p>Por causas que se investigan, habr\u00eda perdido el control y derrapado a alta velocidad sobre el asfalto. No hab\u00eda intervenido otro veh\u00edculo. El roce de la estructura met\u00e1lica, habria generado chispas que ocasionaron el foco \u00edgneo que alert\u00f3 a peatones y vecinos de la zona.<\/p>\n<p>El conductor result\u00f3 con m\u00faltiples lesiones. Fue asistido en el lugar y luego trasladado de urgencia al Hospital Escuela. Por la gravedad de las heridas, falleci\u00f3 en la noche de este s\u00e1bado.<\/p>\n<p>diario El Libertador<\/p><\/div>\n<div>\n<div id=\"117986-4\"><\/div>\n<div id=\"117986-6\"><\/div>\n<div id=\"117986-3\"><\/div>\n<\/div>\n<\/div>\n<div class=\"modalRedes\"><\/div>\n<\/div>\n<\/div>\n","protected":false},"excerpt":{"rendered":"<p>El sujeto habr\u00eda perdido el control y derrapado a alta velocidad sobre el asfalto. Fue asistido en el lugar y luego trasladado de urgencia al Hospital Escuela. Por la gravedad de las heridas, falleci\u00f3 en la noche de este s\u00e1bado. El siniestro vial ocurri\u00f3 durante la tarde de este s\u00e1bado. Fue en la banda lateral [&hellip;]<\/p>\n","protected":false},"author":2,"featured_media":6710,"comment_status":"open","ping_status":"open","sticky":false,"template":"","format":"standard","meta":{"footnotes":""},"categories":[68],"tags":[],"class_list":{"0":"post-6709","1":"post","2":"type-post","3":"status-publish","4":"format-standard","5":"has-post-thumbnail","7":"category-policiales-nacionales"},"_links":{"self":[{"href":"https:\/\/elpueblonoticia.com.ar\/web\/wp-json\/wp\/v2\/posts\/6709","targetHints":{"allow":["GET"]}}],"collection":[{"href":"https:\/\/elpueblonoticia.com.ar\/web\/wp-json\/wp\/v2\/posts"}],"about":[{"href":"https:\/\/elpueblonoticia.com.ar\/web\/wp-json\/wp\/v2\/types\/post"}],"author":[{"embeddable":true,"href":"https:\/\/elpueblonoticia.com.ar\/web\/wp-json\/wp\/v2\/users\/2"}],"replies":[{"embeddable":true,"href":"https:\/\/elpueblonoticia.com.ar\/web\/wp-json\/wp\/v2\/comments?post=6709"}],"version-history":[{"count":1,"href":"https:\/\/elpueblonoticia.com.ar\/web\/wp-json\/wp\/v2\/posts\/6709\/revisions"}],"predecessor-version":[{"id":6711,"href":"https:\/\/elpueblonoticia.com.ar\/web\/wp-json\/wp\/v2\/posts\/6709\/revisions\/6711"}],"wp:featuredmedia":[{"embeddable":true,"href":"https:\/\/elpueblonoticia.com.ar\/web\/wp-json\/wp\/v2\/media\/6710"}],"wp:attachment":[{"href":"https:\/\/elpueblonoticia.com.ar\/web\/wp-json\/wp\/v2\/media?parent=6709"}],"wp:term":[{"taxonomy":"category","embeddable":true,"href":"https:\/\/elpueblonoticia.com.ar\/web\/wp-json\/wp\/v2\/categories?post=6709"},{"taxonomy":"post_tag","embeddable":true,"href":"https:\/\/elpueblonoticia.com.ar\/web\/wp-json\/wp\/v2\/tags?post=6709"}],"curies":[{"name":"wp","href":"https:\/\/api.w.org\/{rel}","templated":true}]}}