{"id":6705,"date":"2026-02-09T09:07:52","date_gmt":"2026-02-09T12:07:52","guid":{"rendered":"https:\/\/elpueblonoticia.com.ar\/web\/?p=6705"},"modified":"2026-02-09T09:07:52","modified_gmt":"2026-02-09T12:07:52","slug":"mariano-hormaechea-celebra-un-exitoso-cierre-del-carnaval-goyano","status":"publish","type":"post","link":"https:\/\/elpueblonoticia.com.ar\/web\/2026\/02\/09\/mariano-hormaechea-celebra-un-exitoso-cierre-del-carnaval-goyano\/","title":{"rendered":"MARIANO HORMAECHEA CELEBRA UN EXITOSO CIERRE DEL CARNAVAL GOYANO"},"content":{"rendered":"<p><strong>El Intendente de Goya, Hormaechea comparti\u00f3 en redes sociales su emoci\u00f3n por el cierre y premiaci\u00f3n de los carnavales goyanos. Dijo estar con el &#8220;Coraz\u00f3n lleno de orgullo&#8221;.<\/strong><\/p>\n<p>&nbsp;<\/p>\n<p class=\"my-2 [&amp;+p]:mt-4 [&amp;_strong:has(+br)]:inline-block [&amp;_strong:has(+br)]:pb-2\">&#8220;\u00daltima noche de Carnaval y el coraz\u00f3n lleno de orgullo. Gracias comparsas por el esfuerzo, la pasi\u00f3n y el trabajo que hicieron posible noches inolvidables para toda la ciudad&#8221;.<\/p>\n<p class=\"my-2 [&amp;+p]:mt-4 [&amp;_strong:has(+br)]:inline-block [&amp;_strong:has(+br)]:pb-2\">Con estas palabras, reconoci\u00f3 la dedicaci\u00f3n de las comparsas, que llenaron de alegr\u00eda y color al verano y el corsodromo en un evento inolvidable para la comunidad.<\/p>\n","protected":false},"excerpt":{"rendered":"<p>El Intendente de Goya, Hormaechea comparti\u00f3 en redes sociales su emoci\u00f3n por el cierre y premiaci\u00f3n de los carnavales goyanos. Dijo estar con el &#8220;Coraz\u00f3n lleno de orgullo&#8221;. &nbsp; &#8220;\u00daltima noche de Carnaval y el coraz\u00f3n lleno de orgullo. Gracias comparsas por el esfuerzo, la pasi\u00f3n y el trabajo que hicieron posible noches inolvidables para [&hellip;]<\/p>\n","protected":false},"author":2,"featured_media":6706,"comment_status":"open","ping_status":"open","sticky":false,"template":"","format":"standard","meta":{"footnotes":""},"categories":[56],"tags":[],"class_list":{"0":"post-6705","1":"post","2":"type-post","3":"status-publish","4":"format-standard","5":"has-post-thumbnail","7":"category-locales"},"_links":{"self":[{"href":"https:\/\/elpueblonoticia.com.ar\/web\/wp-json\/wp\/v2\/posts\/6705","targetHints":{"allow":["GET"]}}],"collection":[{"href":"https:\/\/elpueblonoticia.com.ar\/web\/wp-json\/wp\/v2\/posts"}],"about":[{"href":"https:\/\/elpueblonoticia.com.ar\/web\/wp-json\/wp\/v2\/types\/post"}],"author":[{"embeddable":true,"href":"https:\/\/elpueblonoticia.com.ar\/web\/wp-json\/wp\/v2\/users\/2"}],"replies":[{"embeddable":true,"href":"https:\/\/elpueblonoticia.com.ar\/web\/wp-json\/wp\/v2\/comments?post=6705"}],"version-history":[{"count":1,"href":"https:\/\/elpueblonoticia.com.ar\/web\/wp-json\/wp\/v2\/posts\/6705\/revisions"}],"predecessor-version":[{"id":6707,"href":"https:\/\/elpueblonoticia.com.ar\/web\/wp-json\/wp\/v2\/posts\/6705\/revisions\/6707"}],"wp:featuredmedia":[{"embeddable":true,"href":"https:\/\/elpueblonoticia.com.ar\/web\/wp-json\/wp\/v2\/media\/6706"}],"wp:attachment":[{"href":"https:\/\/elpueblonoticia.com.ar\/web\/wp-json\/wp\/v2\/media?parent=6705"}],"wp:term":[{"taxonomy":"category","embeddable":true,"href":"https:\/\/elpueblonoticia.com.ar\/web\/wp-json\/wp\/v2\/categories?post=6705"},{"taxonomy":"post_tag","embeddable":true,"href":"https:\/\/elpueblonoticia.com.ar\/web\/wp-json\/wp\/v2\/tags?post=6705"}],"curies":[{"name":"wp","href":"https:\/\/api.w.org\/{rel}","templated":true}]}}