{"id":6701,"date":"2026-02-09T08:59:34","date_gmt":"2026-02-09T11:59:34","guid":{"rendered":"https:\/\/elpueblonoticia.com.ar\/web\/?p=6701"},"modified":"2026-02-09T08:59:34","modified_gmt":"2026-02-09T11:59:34","slug":"en-medio-de-la-polemica-por-el-indec-los-analistas-preven-una-inflacion-de-entre-24-y-26-para-enero","status":"publish","type":"post","link":"https:\/\/elpueblonoticia.com.ar\/web\/2026\/02\/09\/en-medio-de-la-polemica-por-el-indec-los-analistas-preven-una-inflacion-de-entre-24-y-26-para-enero\/","title":{"rendered":"En medio de la pol\u00e9mica por el INDEC, los analistas prev\u00e9n una inflaci\u00f3n de entre 2,4% y 2,6% para enero"},"content":{"rendered":"<p>Seg\u00fan varios economistas, el \u00edndice actual de precios al consumidor y el que ten\u00eda previsto aplicar el instituto de estad\u00edsticas mostraban ligeras variaciones. En los pr\u00f3ximos d\u00edas se espera un fuerte aumento del precio de la carne.<\/p>\n<p>&nbsp;<\/p>\n<p>De acuerdo a las previsiones de distintos analistas, el \u00edndice de inflaci\u00f3n de enero, que se conocer\u00e1 el pr\u00f3ximo martes, ser\u00e1 de entre 2,4% y 2,6%. El pr\u00f3ximo dato oficial del Instituto Nacional de Estad\u00edstica y Censos (INDEC) surgir\u00e1 con el actual sistema de medici\u00f3n, luego de la postergaci\u00f3n de la aplicaci\u00f3n de nuevo \u00edndice tras la renuncia de Marco Lavagna al frente del organismo. La realizaci\u00f3n de un nuevo IPC podr\u00eda demorar entre tres y cuatro a\u00f1os.<\/p>\n<p>Seg\u00fan varios economistas, el \u00edndice actual de precios al consumidor y el que ten\u00eda previsto aplicar el INDEC mostraban ligeras variaciones. De hecho Mateo Borens\u00adtein, de la con\u00adsul\u00adtora Empi\u00adria, mencion\u00f3 que en 2025 la inflaci\u00f3n fue de 31,5% seg\u00fan datos oficiales y que con el sistema que iba a aplicarse, pero que no se concret\u00f3, hubiera sido de 32,4%.<\/p>\n<p>La aplicaci\u00f3n del nuevo \u00edndice ten\u00eda previsto darle una mayor ponderaci\u00f3n a los servicios dentro de la canasta general de precios, y a futuro los aumentos en esta categor\u00eda, que incluye las tarifas de agua, gas y luz, iban a impactar en el IPC.<\/p>\n<p>En los pr\u00f3ximos d\u00edas la carne tendr\u00e1 un fuerte aumento, de entre el 10% y el 15%<\/p>\n<p>En los pr\u00f3ximos d\u00edas habr\u00e1 un fuerte aumento de la carne, de entre el 10% y el 15%, que tendr\u00e1 un duro impacto en la inflaci\u00f3n, al igual que la suba en el precio de las verduras.<\/p>\n<p>La escalada en el precio de la carne ser\u00e1 previa a un aumento de las exportaciones, que tras el acuerdo comercial entre la Argentina y Estados Unidos se espera que suba de 20.000 hasta 100.000 toneladas anuales.<\/p>\n<p>De acuerdo al Gobierno, esa variable no impactar\u00e1 en los precios, pese a que si aumenta la exportaci\u00f3n de carne habr\u00e1 menos producto para ofrecer en el mercado interno.<\/p>\n<p>Pol\u00e9mica por el INDEC: c\u00f3mo mide la inflaci\u00f3n el resto de los pa\u00edses de la regi\u00f3n<\/p>\n<p>Con la decisi\u00f3n de mantener la Encuesta de Gastos e Ingresos de los Hogares 2004\/05, la Argentina queda rezagada frente las otras f\u00f3rmulas de base estad\u00edstica que se usan para medir los precios en la regi\u00f3n. Un informe realizado por la Gerencia de Estudios Econ\u00f3micos del Banco Provincia muestra que en Brasil y Paraguay se toman como referencia estructuras de ponderadores realizadas en 2017; en Colombia y M\u00e9xico, de 2018; en Uruguay, de 2022 y en Chile, de 2023.<\/p>\n<p>La Argentina tiene la encuesta m\u00e1s desactualizada para calcular la inflaci\u00f3n y, a\u00fan si se hubiera actualizado sobre la base de 2017, seguir\u00eda manteniendo un esquema demorado.<\/p>\n<p>\u201cEl a\u00f1o base argentino (2004) qued\u00f3 lejos de sus pares: 2019 en promedio, con Chile y Uruguay como los \u00fanicos con actualizaciones pospandemia (2023 y 2022, respectivamente) y el resto en 2017-2018, tal como lo habr\u00eda hecho nuestro pa\u00eds si no se hubiera dado marcha atr\u00e1s con el ajuste&#8221;, describe el documento. Y explica que este escenario a\u00f1ade mayor complejidad a la hora de comparar la inflaci\u00f3n local con la del resto de los pa\u00edses \u201cen un contexto en el cual, en nuestro pa\u00eds, en tres meses los precios suben m\u00e1s que en un a\u00f1o en Brasil, Chile o Uruguay&#8221;.<\/p>\n","protected":false},"excerpt":{"rendered":"<p>Seg\u00fan varios economistas, el \u00edndice actual de precios al consumidor y el que ten\u00eda previsto aplicar el instituto de estad\u00edsticas mostraban ligeras variaciones. En los pr\u00f3ximos d\u00edas se espera un fuerte aumento del precio de la carne. &nbsp; De acuerdo a las previsiones de distintos analistas, el \u00edndice de inflaci\u00f3n de enero, que se conocer\u00e1 [&hellip;]<\/p>\n","protected":false},"author":2,"featured_media":6702,"comment_status":"open","ping_status":"open","sticky":false,"template":"","format":"standard","meta":{"footnotes":""},"categories":[65],"tags":[],"class_list":{"0":"post-6701","1":"post","2":"type-post","3":"status-publish","4":"format-standard","5":"has-post-thumbnail","7":"category-economia"},"_links":{"self":[{"href":"https:\/\/elpueblonoticia.com.ar\/web\/wp-json\/wp\/v2\/posts\/6701","targetHints":{"allow":["GET"]}}],"collection":[{"href":"https:\/\/elpueblonoticia.com.ar\/web\/wp-json\/wp\/v2\/posts"}],"about":[{"href":"https:\/\/elpueblonoticia.com.ar\/web\/wp-json\/wp\/v2\/types\/post"}],"author":[{"embeddable":true,"href":"https:\/\/elpueblonoticia.com.ar\/web\/wp-json\/wp\/v2\/users\/2"}],"replies":[{"embeddable":true,"href":"https:\/\/elpueblonoticia.com.ar\/web\/wp-json\/wp\/v2\/comments?post=6701"}],"version-history":[{"count":1,"href":"https:\/\/elpueblonoticia.com.ar\/web\/wp-json\/wp\/v2\/posts\/6701\/revisions"}],"predecessor-version":[{"id":6703,"href":"https:\/\/elpueblonoticia.com.ar\/web\/wp-json\/wp\/v2\/posts\/6701\/revisions\/6703"}],"wp:featuredmedia":[{"embeddable":true,"href":"https:\/\/elpueblonoticia.com.ar\/web\/wp-json\/wp\/v2\/media\/6702"}],"wp:attachment":[{"href":"https:\/\/elpueblonoticia.com.ar\/web\/wp-json\/wp\/v2\/media?parent=6701"}],"wp:term":[{"taxonomy":"category","embeddable":true,"href":"https:\/\/elpueblonoticia.com.ar\/web\/wp-json\/wp\/v2\/categories?post=6701"},{"taxonomy":"post_tag","embeddable":true,"href":"https:\/\/elpueblonoticia.com.ar\/web\/wp-json\/wp\/v2\/tags?post=6701"}],"curies":[{"name":"wp","href":"https:\/\/api.w.org\/{rel}","templated":true}]}}