{"id":6688,"date":"2026-02-06T12:00:23","date_gmt":"2026-02-06T15:00:23","guid":{"rendered":"https:\/\/elpueblonoticia.com.ar\/web\/?p=6688"},"modified":"2026-02-06T12:00:23","modified_gmt":"2026-02-06T15:00:23","slug":"antes-del-inicio-de-clases-la-proxima-semana-inician-las-mejoras-en-900-escuelas-de-corrientes","status":"publish","type":"post","link":"https:\/\/elpueblonoticia.com.ar\/web\/2026\/02\/06\/antes-del-inicio-de-clases-la-proxima-semana-inician-las-mejoras-en-900-escuelas-de-corrientes\/","title":{"rendered":"Antes del inicio de clases: La pr\u00f3xima semana inician las mejoras en 900 escuelas de Corrientes"},"content":{"rendered":"<p>Incluyen limpieza, desinfecci\u00f3n y mantenimiento general, adem\u00e1s de refacciones integrales en 200 instituciones y obras en otras 40.<\/p>\n<p>Falta poco para que inicien las clases en Corrientes y los establecimientos educativos comienzan a ponerse a punto. La pr\u00f3xima semana comenzar\u00e1n las tareas de acondicionamiento en alrededor de 900 escuelas de Corrientes. As\u00ed lo confirm\u00f3 el subsecretario de Infraestructura Escolar, Emilio Breard, en di\u00e1logo con el diario El Litoral.<\/p>\n<p><b>A casi un mes del inicio de clases<br \/>\n<\/b><br \/>\n\u201cSe va a iniciar el ajuste de inicio de clases la semana que viene en aproximadamente 900 establecimientos con empresas tercerizadas\u201d, se\u00f1al\u00f3 el funcionario. Seg\u00fan precis\u00f3, estos trabajos alcanzan a edificios que concentran el 85% de la matr\u00edcula de la provincia.<\/p>\n<p>Las tareas previstas incluyen corte de pasto, fumigaci\u00f3n, desinfecci\u00f3n, limpieza de tanques de agua y mantenimiento general. En el resto de los establecimientos educativos, las intervenciones se realizan mediante empresas m\u00e1s peque\u00f1as y en articulaci\u00f3n con los municipios.<\/p>\n<p>El objetivo central del operativo es garantizar condiciones edilicias adecuadas para el normal desarrollo de las clases desde el primer d\u00eda. La planificaci\u00f3n se realiz\u00f3 con antelaci\u00f3n para llegar a tiempo a la mayor cantidad posible de escuelas, priorizando aquellas con mayor matr\u00edcula y demanda diaria de estudiantes y docentes.<\/p>\n<p>En paralelo, Breard inform\u00f3 que el gobierno provincial avanza con un paquete de 200 refacciones integrales en distintas escuelas del territorio correntino. \u201cSon obras que abarcan cubiertas, sanitarios, electricidad y pintura\u201d, detall\u00f3.<\/p>\n<p>Adem\u00e1s, el subsecretario indic\u00f3 que contin\u00faan los trabajos en 40 establecimientos educativos nuevos. \u201cAlgunos est\u00e1n listos para inaugurar y otros seguramente se habilitar\u00e1n en el transcurso del a\u00f1o\u201d, concluy\u00f3.<\/p>\n<p>El Litoral<\/p>\n","protected":false},"excerpt":{"rendered":"<p>Incluyen limpieza, desinfecci\u00f3n y mantenimiento general, adem\u00e1s de refacciones integrales en 200 instituciones y obras en otras 40. Falta poco para que inicien las clases en Corrientes y los establecimientos educativos comienzan a ponerse a punto. La pr\u00f3xima semana comenzar\u00e1n las tareas de acondicionamiento en alrededor de 900 escuelas de Corrientes. As\u00ed lo confirm\u00f3 el [&hellip;]<\/p>\n","protected":false},"author":2,"featured_media":6689,"comment_status":"open","ping_status":"open","sticky":false,"template":"","format":"standard","meta":{"footnotes":""},"categories":[80],"tags":[],"class_list":{"0":"post-6688","1":"post","2":"type-post","3":"status-publish","4":"format-standard","5":"has-post-thumbnail","7":"category-educacion"},"_links":{"self":[{"href":"https:\/\/elpueblonoticia.com.ar\/web\/wp-json\/wp\/v2\/posts\/6688","targetHints":{"allow":["GET"]}}],"collection":[{"href":"https:\/\/elpueblonoticia.com.ar\/web\/wp-json\/wp\/v2\/posts"}],"about":[{"href":"https:\/\/elpueblonoticia.com.ar\/web\/wp-json\/wp\/v2\/types\/post"}],"author":[{"embeddable":true,"href":"https:\/\/elpueblonoticia.com.ar\/web\/wp-json\/wp\/v2\/users\/2"}],"replies":[{"embeddable":true,"href":"https:\/\/elpueblonoticia.com.ar\/web\/wp-json\/wp\/v2\/comments?post=6688"}],"version-history":[{"count":1,"href":"https:\/\/elpueblonoticia.com.ar\/web\/wp-json\/wp\/v2\/posts\/6688\/revisions"}],"predecessor-version":[{"id":6690,"href":"https:\/\/elpueblonoticia.com.ar\/web\/wp-json\/wp\/v2\/posts\/6688\/revisions\/6690"}],"wp:featuredmedia":[{"embeddable":true,"href":"https:\/\/elpueblonoticia.com.ar\/web\/wp-json\/wp\/v2\/media\/6689"}],"wp:attachment":[{"href":"https:\/\/elpueblonoticia.com.ar\/web\/wp-json\/wp\/v2\/media?parent=6688"}],"wp:term":[{"taxonomy":"category","embeddable":true,"href":"https:\/\/elpueblonoticia.com.ar\/web\/wp-json\/wp\/v2\/categories?post=6688"},{"taxonomy":"post_tag","embeddable":true,"href":"https:\/\/elpueblonoticia.com.ar\/web\/wp-json\/wp\/v2\/tags?post=6688"}],"curies":[{"name":"wp","href":"https:\/\/api.w.org\/{rel}","templated":true}]}}