{"id":6682,"date":"2026-02-06T10:31:05","date_gmt":"2026-02-06T13:31:05","guid":{"rendered":"https:\/\/elpueblonoticia.com.ar\/web\/?p=6682"},"modified":"2026-02-06T10:31:05","modified_gmt":"2026-02-06T13:31:05","slug":"luis-caputo-ataca-a-los-empresarios-de-la-industria-textil-por-los-precios-de-la-ropa","status":"publish","type":"post","link":"https:\/\/elpueblonoticia.com.ar\/web\/2026\/02\/06\/luis-caputo-ataca-a-los-empresarios-de-la-industria-textil-por-los-precios-de-la-ropa\/","title":{"rendered":"LUIS CAPUTO ATACA A LOS EMPRESARIOS DE LA INDUSTRIA TEXTIL POR LOS PRECIOS DE LA ROPA"},"content":{"rendered":"<div class=\"news-headline__title\"><strong>El ministro de Econom\u00eda carg\u00f3 de nuevo contra el sector de la producci\u00f3n de indumentaria ante los precios &#8220;caros&#8221;. En tanto, otros funcionarios del Gobierno tambi\u00e9n expresaron sus cr\u00edticas.<\/strong><\/div>\n<div class=\"news-headline__title\"><\/div>\n<p>El ministro de Econom\u00eda, Luis Caputo, se meti\u00f3 de nuevo en el barro de la discusi\u00f3n por los precios de la ropa. Apunt\u00f3 otra vez contra los empresarios textiles y sugiri\u00f3 este mi\u00e9rcoles que ser\u00eda bueno que &#8220;reconozcan&#8221; que los valores de los productos son caros. El funcionario hab\u00eda expresado en las \u00faltimas horas una fuerte cr\u00edtica al sector de la indumentaria, a la que se subieron otras figuras del Gobierno como el jefe de Gabinete, Manuel Adorni, y el ministro de Desregulaci\u00f3n del Estado, Federico Sturzenegger.<\/p>\n<p>Este \u00faltimo justific\u00f3 el plan de apertura comercial que lleva adelanta la gesti\u00f3n del presidente Javier Milei y dijo que \u201cel comercio nada tiene que ver con el empleo\u201d.<\/p>\n<p><img decoding=\"async\" src=\"https:\/\/media.ambito.com\/p\/a4834e34a9783a3f62c906e823f5d4f8\/adjuntos\/239\/imagenes\/043\/148\/0043148391\/730x0\/598x179:618x199\/captura-posteo-x-twitter-caputo-textiles.jpg\" data-src=\"https:\/\/media.ambito.com\/p\/a4834e34a9783a3f62c906e823f5d4f8\/adjuntos\/239\/imagenes\/043\/148\/0043148391\/730x0\/598x179:618x199\/captura-posteo-x-twitter-caputo-textiles.jpg\" \/><\/p>\n<article class=\"article-body article-body--third-paragraph content-protected-false\">\u201cEsto\u00a0<strong>en privado te lo reconocen todos los empresarios textiles<\/strong>. Excelente que algunos ya se animen a hacerlo tambi\u00e9n p\u00fablicamente\u201d, escribi\u00f3 Caputo en su cuenta de\u00a0<strong data-start=\"695\" data-end=\"700\">X<\/strong>, en un mensaje que reaviv\u00f3 la pol\u00e9mica.<\/p>\n<\/article>\n<article class=\"article-body article-body--fourth-paragraph content-protected-false\">\n<p data-start=\"782\" data-end=\"1260\">El posteo del ministro aludi\u00f3 a declaraciones de\u00a0<strong data-start=\"831\" data-end=\"872\">Marcelo Fern\u00e1ndez<\/strong>, presidente de la\u00a0<strong data-start=\"891\" data-end=\"932\">Confederaci\u00f3n General Empresaria<\/strong>\u00a0(CGERA). En di\u00e1logo televisivo, el dirigente empresarial afirm\u00f3: \u201c<strong>Nosotros pudimos aumentar 11% los precios\u00a0<\/strong>de la indumentaria solamente desde el 2023, por una cuesti\u00f3n que ya lo hemos dicho y en varias oportunidades hicimos una mea culpa a como empresariado nacional de que est\u00e1bamos caros\u201d.<\/p>\n<\/article>\n<article class=\"article-body article-body--fifth-paragraph content-protected-false\">\n<p data-start=\"1262\" data-end=\"1557\">Fern\u00e1ndez explic\u00f3 que, durante el gobierno anterior, los proveedores de materias primas aplicaron<strong>\u00a0fuertes remarcaciones<\/strong>\u00a0amparados en pol\u00edticas de protecci\u00f3n comercial.<\/p>\n<\/article>\n<article class=\"article-body article-body--remaining-paragraph content-protected-false\">\n<p data-start=\"1262\" data-end=\"1557\">Seg\u00fan su an\u00e1lisis, la<strong>\u00a0falta de competencia externa<\/strong>\u00a0convivi\u00f3 con un mercado que habilit\u00f3 subas de precios dif\u00edciles de sostener.<\/p>\n<h2><strong>Costos, tarifas y \u201ccompetencia desleal\u201d<\/strong><\/h2>\n<p data-start=\"1604\" data-end=\"1928\">Desde el sector industrial se\u00f1alaron que el escenario actual tambi\u00e9n present\u00f3 dificultades. Fern\u00e1ndez sostuvo que los aumentos en<strong>\u00a0transporte, gas y electricidad<\/strong>\u00a0impactaron de lleno en las empresas textiles, sin posibilidad de trasladar esos mayores costos al precio final. \u201cCon la inflaci\u00f3n, perdimos rentabilidad\u201d, resumi\u00f3.<\/p>\n<p data-start=\"1930\" data-end=\"2262\">Caputo ya hab\u00eda cuestionado previamente al rubro al calificarlo como \u201cemblem\u00e1tico\u201d de un esquema de protecci\u00f3n prolongada. \u201cCon el cuento de que hay\u00a0<strong>150.000 familias\u00a0<\/strong>que trabajan en esto, hubo\u00a0<strong>47 millones de argentinos\u00a0<\/strong>que tuvieron que pagar textiles y calzado dos, tres, cuatro o hasta diez veces lo que valen en el mundo\u201d, afirm\u00f3.<\/p>\n<p data-start=\"2264\" data-end=\"2510\">En una entrevista radial, el ministro fue todav\u00eda m\u00e1s duro: \u201c<strong>El proteccionismo es una medida zonza<\/strong>\u00a0y que perjudica a los que menos tienen. Yo no compr\u00e9 nunca en mi vida ropa en Argentina porque era un robo\u201d.<\/p>\n<p data-start=\"2559\" data-end=\"2840\">Caputo insisti\u00f3 en que precios m\u00e1s bajos liberar\u00edan recursos para otros sectores de la econom\u00eda. \u201cSi pag\u00e1s cinco d\u00f3lares una remera\u00a0<strong>en vez de 50, te quedan u$s45\u00a0<\/strong>para gastar en otra cosa: ir a comer, tomarte un helado, y esos recursos\u00a0<strong>se destinan a otras industrias<\/strong>\u201d, sostuvo.<\/p>\n<figure id=\"8143750-Libre-1509803205_wrap\" class=\"embed_cont type_imagen\">\n<div id=\"8143750-Libre-1509803205_content\" class=\"embed_content\"><img decoding=\"async\" src=\"https:\/\/media.ambito.com\/p\/8dddbba3ea0b5d931a25fb767a13be2b\/adjuntos\/239\/imagenes\/042\/882\/0042882621\/caputo-elecciones.jpeg\" data-src=\"https:\/\/media.ambito.com\/p\/8dddbba3ea0b5d931a25fb767a13be2b\/adjuntos\/239\/imagenes\/042\/882\/0042882621\/caputo-elecciones.jpeg\" data-td-src-property=\"&lt;a href=\" \/><\/div>\n<\/figure>\n<p data-start=\"2842\" data-end=\"3015\">Adem\u00e1s, plante\u00f3 que el pa\u00eds deber\u00eda<strong>\u00a0competir en dise\u00f1o y producci\u00f3n de hilados<\/strong>, al considerar que la Argentina cuenta con ventajas en insumos b\u00e1sicos como algod\u00f3n y energ\u00eda.<\/p>\n<h2><strong>La respuesta de la industria textil<\/strong><\/h2>\n<p data-start=\"3051\" data-end=\"3407\">Las declaraciones oficiales generaron fuerte malestar en la cadena de la indumentaria. Desde la\u00a0<strong data-start=\"3147\" data-end=\"3188\">Fundaci\u00f3n Pro Tejer<\/strong>\u00a0indicaron que el<strong>\u00a050% del precio<\/strong>\u00a0de una remera correspondi\u00f3 a impuestos, un\u00a0<strong>30% a alquileres comerciales<\/strong>\u00a0y costos financieros, un\u00a0<strong>12% a log\u00edstica, marketing y rentabilidad<\/strong>, y solo un 8% a la industria propiamente dicha.<\/p>\n<p data-start=\"3409\" data-end=\"3762\">Por su parte,\u00a0<strong data-start=\"3423\" data-end=\"3464\">Claudio Drescher<\/strong>, presidente de la\u00a0<strong data-start=\"3483\" data-end=\"3524\">C\u00e1mara Industrial Argentina de la Indumentaria<\/strong>\u00a0(CIAI), expres\u00f3 \u201cdesilusi\u00f3n y tristeza\u201d por el tono del ministro. En di\u00e1logo con\u00a0<strong data-start=\"3606\" data-end=\"3647\">Radio Rivadavia<\/strong>, cuestion\u00f3 que un funcionario de ese rango se pronunciara \u201ccon sarcasmo\u201d sobre el consumo de productos nacionales.<\/p>\n<p data-start=\"3764\" data-end=\"4059\">Drescher ampli\u00f3 la cr\u00edtica al se\u00f1alar que los precios elevados no se limitaron al sector textil:\u00a0<strong>mencion\u00f3 autos, alimentos, neum\u00e1ticos y hasta el costo del Big Mac<\/strong>\u00a0como ejemplos de distorsiones generales de la econom\u00eda argentina. \u201cNo resuelven los problemas, los evitan y buscan atajos\u201d, afirm\u00f3.<\/p>\n<p data-start=\"4061\" data-end=\"4373\" data-is-last-node=\"\" data-is-only-node=\"\">Finalmente, rechaz\u00f3 las comparaciones con pa\u00edses asi\u00e1ticos de bajos costos laborales. \u201c<strong>Quieren comparar a Bangladesh con la Argentina<\/strong>\u00a0y se olvidan de todos los impuestos que en dos a\u00f1os no lograron desarmar, ni uno solo\u201d, concluy\u00f3, profundizando un debate que contin\u00faa escalando entre el Gobierno y la industria.<\/p>\n<\/article>\n","protected":false},"excerpt":{"rendered":"<p>El ministro de Econom\u00eda carg\u00f3 de nuevo contra el sector de la producci\u00f3n de indumentaria ante los precios &#8220;caros&#8221;. En tanto, otros funcionarios del Gobierno tambi\u00e9n expresaron sus cr\u00edticas. El ministro de Econom\u00eda, Luis Caputo, se meti\u00f3 de nuevo en el barro de la discusi\u00f3n por los precios de la ropa. Apunt\u00f3 otra vez contra [&hellip;]<\/p>\n","protected":false},"author":2,"featured_media":6683,"comment_status":"open","ping_status":"open","sticky":false,"template":"","format":"standard","meta":{"footnotes":""},"categories":[65],"tags":[],"class_list":{"0":"post-6682","1":"post","2":"type-post","3":"status-publish","4":"format-standard","5":"has-post-thumbnail","7":"category-economia"},"_links":{"self":[{"href":"https:\/\/elpueblonoticia.com.ar\/web\/wp-json\/wp\/v2\/posts\/6682","targetHints":{"allow":["GET"]}}],"collection":[{"href":"https:\/\/elpueblonoticia.com.ar\/web\/wp-json\/wp\/v2\/posts"}],"about":[{"href":"https:\/\/elpueblonoticia.com.ar\/web\/wp-json\/wp\/v2\/types\/post"}],"author":[{"embeddable":true,"href":"https:\/\/elpueblonoticia.com.ar\/web\/wp-json\/wp\/v2\/users\/2"}],"replies":[{"embeddable":true,"href":"https:\/\/elpueblonoticia.com.ar\/web\/wp-json\/wp\/v2\/comments?post=6682"}],"version-history":[{"count":1,"href":"https:\/\/elpueblonoticia.com.ar\/web\/wp-json\/wp\/v2\/posts\/6682\/revisions"}],"predecessor-version":[{"id":6684,"href":"https:\/\/elpueblonoticia.com.ar\/web\/wp-json\/wp\/v2\/posts\/6682\/revisions\/6684"}],"wp:featuredmedia":[{"embeddable":true,"href":"https:\/\/elpueblonoticia.com.ar\/web\/wp-json\/wp\/v2\/media\/6683"}],"wp:attachment":[{"href":"https:\/\/elpueblonoticia.com.ar\/web\/wp-json\/wp\/v2\/media?parent=6682"}],"wp:term":[{"taxonomy":"category","embeddable":true,"href":"https:\/\/elpueblonoticia.com.ar\/web\/wp-json\/wp\/v2\/categories?post=6682"},{"taxonomy":"post_tag","embeddable":true,"href":"https:\/\/elpueblonoticia.com.ar\/web\/wp-json\/wp\/v2\/tags?post=6682"}],"curies":[{"name":"wp","href":"https:\/\/api.w.org\/{rel}","templated":true}]}}