{"id":6678,"date":"2026-02-06T10:23:02","date_gmt":"2026-02-06T13:23:02","guid":{"rendered":"https:\/\/elpueblonoticia.com.ar\/web\/?p=6678"},"modified":"2026-02-06T10:23:02","modified_gmt":"2026-02-06T13:23:02","slug":"el-gobierno-anuncio-la-creacion-de-la-oficina-de-respuesta-oficial-para-desmentir-falsedades","status":"publish","type":"post","link":"https:\/\/elpueblonoticia.com.ar\/web\/2026\/02\/06\/el-gobierno-anuncio-la-creacion-de-la-oficina-de-respuesta-oficial-para-desmentir-falsedades\/","title":{"rendered":"El Gobierno anunci\u00f3 la creaci\u00f3n de la Oficina de Respuesta Oficial para desmentir \u201cfalsedades\u201d"},"content":{"rendered":"<div id=\"modalIntrotext\">\n<div>La iniciativa fue presentada a trav\u00e9s de un comunicado oficial en el que el Ejecutivo plante\u00f3 que busca dar una respuesta directa a la \u201cdesinformaci\u00f3n\u201d. El festejo de Santiago Caputo.<\/div>\n<\/div>\n<div id=\"modalFulltext\">El Gobierno anunci\u00f3 la creaci\u00f3n de la Oficina de Respuesta Oficial para desmentir.<\/div>\n<div><\/div>\n<div><\/div>\n<div><\/div>\n<div>\u201cfalsedades y operaciones de los medios\u201d atribuidas a medios de comunicaci\u00f3n y sectores de la oposici\u00f3n. La iniciativa fue presentada a trav\u00e9s de un comunicado oficial en el que el Ejecutivo plante\u00f3 que busca dar una respuesta directa a la \u201cdesinformaci\u00f3n\u201d.<\/p>\n<p>Seg\u00fan la Casa Rosada, la oficina fue creada para \u201cdesmentir activamente la mentira, se\u00f1alar falsedades concretas y dejar en evidencia las operaciones de los medios y la casta pol\u00edtica\u201d. En el texto, el oficialismo sostiene que limitarse a informar resulta insuficiente \u201csi la desinformaci\u00f3n avanza sin respuesta\u201d y remarca que la nueva dependencia tendr\u00e1 un rol espec\u00edfico en la refutaci\u00f3n p\u00fablica de contenidos que considere inexactos.<\/p>\n<p>Javier Milei replic\u00f3 el anuncio y expres\u00f3 que la medida fue impulsada para \u201cdesenmascarar mentiras y operaciones de los medios\u201d. El ministro de Econom\u00eda, Luis Caputo, y el asesor Santiago Caputo tambi\u00e9n celebraron la creaci\u00f3n de la cuenta de X. Su manejo depender\u00e1 de la secretar\u00eda de Comunicaci\u00f3n, que encabeza Javier Lanari.<\/p>\n<p>El comunicado manifiesta que la intenci\u00f3n es \u201ccombatir la desinformaci\u00f3n brindando m\u00e1s informaci\u00f3n\u201d y afirma que la decisi\u00f3n implica \u201csumar una voz oficial para desmentir operaciones\u201d. Tambi\u00e9n vincula la creaci\u00f3n de la oficina con la pol\u00edtica de recorte de la pauta oficial.<\/p>\n<p>El primer comunicado de la Oficina de Respuesta Oficial asegura que no tendr\u00e1 como objetivo \u201cconvencer ni imponer una mirada\u201d, sino aportar elementos para que los ciudadanos puedan \u201cdistinguir hechos de operaciones y datos de relatos\u201d.<\/p>\n<p>En el Gobierno encuadran la decisi\u00f3n dentro de una estrategia m\u00e1s amplia de comunicaci\u00f3n directa a trav\u00e9s de redes sociales. Funcionarios aseguran que la nueva cuenta buscar\u00e1 reaccionar en tiempo real ante informaciones que consideren falsas o incompletas y que funcionar\u00e1 como un canal oficial de aclaraciones y desmentidas.<\/p>\n<p>Fuentes oficiales indicaron que, por el momento, no est\u00e1 previsto crear una nueva estructura administrativa por fuera de la secretar\u00eda de Comunicaci\u00f3n, sino articular el funcionamiento de la oficina con los equipos ya existentes. Tampoco se precis\u00f3 si habr\u00e1 protocolos formales para definir qu\u00e9 contenidos ser\u00e1n refutados p\u00fablicamente.<\/p>\n<p>El anuncio se produce en un contexto de creciente tensi\u00f3n entre el Gobierno y sectores del sistema de medios. En Balcarce 50 sostienen que la creaci\u00f3n de la Oficina de Respuesta Oficial apunta a institucionalizar una pr\u00e1ctica que, seg\u00fan explican, ya ven\u00edan realizando de manera informal a trav\u00e9s de voceros y redes sociales oficiales.<\/p><\/div>\n","protected":false},"excerpt":{"rendered":"<p>La iniciativa fue presentada a trav\u00e9s de un comunicado oficial en el que el Ejecutivo plante\u00f3 que busca dar una respuesta directa a la \u201cdesinformaci\u00f3n\u201d. El festejo de Santiago Caputo. El Gobierno anunci\u00f3 la creaci\u00f3n de la Oficina de Respuesta Oficial para desmentir. \u201cfalsedades y operaciones de los medios\u201d atribuidas a medios de comunicaci\u00f3n y [&hellip;]<\/p>\n","protected":false},"author":2,"featured_media":6679,"comment_status":"open","ping_status":"open","sticky":false,"template":"","format":"standard","meta":{"footnotes":""},"categories":[64],"tags":[],"class_list":{"0":"post-6678","1":"post","2":"type-post","3":"status-publish","4":"format-standard","5":"has-post-thumbnail","7":"category-nacionales"},"_links":{"self":[{"href":"https:\/\/elpueblonoticia.com.ar\/web\/wp-json\/wp\/v2\/posts\/6678","targetHints":{"allow":["GET"]}}],"collection":[{"href":"https:\/\/elpueblonoticia.com.ar\/web\/wp-json\/wp\/v2\/posts"}],"about":[{"href":"https:\/\/elpueblonoticia.com.ar\/web\/wp-json\/wp\/v2\/types\/post"}],"author":[{"embeddable":true,"href":"https:\/\/elpueblonoticia.com.ar\/web\/wp-json\/wp\/v2\/users\/2"}],"replies":[{"embeddable":true,"href":"https:\/\/elpueblonoticia.com.ar\/web\/wp-json\/wp\/v2\/comments?post=6678"}],"version-history":[{"count":1,"href":"https:\/\/elpueblonoticia.com.ar\/web\/wp-json\/wp\/v2\/posts\/6678\/revisions"}],"predecessor-version":[{"id":6680,"href":"https:\/\/elpueblonoticia.com.ar\/web\/wp-json\/wp\/v2\/posts\/6678\/revisions\/6680"}],"wp:featuredmedia":[{"embeddable":true,"href":"https:\/\/elpueblonoticia.com.ar\/web\/wp-json\/wp\/v2\/media\/6679"}],"wp:attachment":[{"href":"https:\/\/elpueblonoticia.com.ar\/web\/wp-json\/wp\/v2\/media?parent=6678"}],"wp:term":[{"taxonomy":"category","embeddable":true,"href":"https:\/\/elpueblonoticia.com.ar\/web\/wp-json\/wp\/v2\/categories?post=6678"},{"taxonomy":"post_tag","embeddable":true,"href":"https:\/\/elpueblonoticia.com.ar\/web\/wp-json\/wp\/v2\/tags?post=6678"}],"curies":[{"name":"wp","href":"https:\/\/api.w.org\/{rel}","templated":true}]}}