{"id":6672,"date":"2026-02-06T09:03:18","date_gmt":"2026-02-06T12:03:18","guid":{"rendered":"https:\/\/elpueblonoticia.com.ar\/web\/?p=6672"},"modified":"2026-02-06T09:03:18","modified_gmt":"2026-02-06T12:03:18","slug":"sonia-espina-la-escuela-de-verano-llego-mas-cerca-de-los-barrios-y-amplio-su-mirada-social","status":"publish","type":"post","link":"https:\/\/elpueblonoticia.com.ar\/web\/2026\/02\/06\/sonia-espina-la-escuela-de-verano-llego-mas-cerca-de-los-barrios-y-amplio-su-mirada-social\/","title":{"rendered":"SONIA ESPINA : &#8220;LA ESCUELA DE VERANO LLEG\u00d3 M\u00c1S CERCA DE LOS BARRIOS Y AMPLI\u00d3 SU MIRADA SOCIAL\u201d"},"content":{"rendered":"<p>&nbsp;<\/p>\n<p><img loading=\"lazy\" decoding=\"async\" class=\"alignnone  wp-image-6675\" src=\"https:\/\/elpueblonoticia.com.ar\/web\/wp-content\/uploads\/2026\/02\/ESCUELADE-VERANO-PARQUE-ACUATICO-300x200.jpeg\" alt=\"\" width=\"810\" height=\"540\" srcset=\"https:\/\/elpueblonoticia.com.ar\/web\/wp-content\/uploads\/2026\/02\/ESCUELADE-VERANO-PARQUE-ACUATICO-300x200.jpeg 300w, https:\/\/elpueblonoticia.com.ar\/web\/wp-content\/uploads\/2026\/02\/ESCUELADE-VERANO-PARQUE-ACUATICO-1024x682.jpeg 1024w, https:\/\/elpueblonoticia.com.ar\/web\/wp-content\/uploads\/2026\/02\/ESCUELADE-VERANO-PARQUE-ACUATICO-768x512.jpeg 768w, https:\/\/elpueblonoticia.com.ar\/web\/wp-content\/uploads\/2026\/02\/ESCUELADE-VERANO-PARQUE-ACUATICO-1536x1023.jpeg 1536w, https:\/\/elpueblonoticia.com.ar\/web\/wp-content\/uploads\/2026\/02\/ESCUELADE-VERANO-PARQUE-ACUATICO-630x420.jpeg 630w, https:\/\/elpueblonoticia.com.ar\/web\/wp-content\/uploads\/2026\/02\/ESCUELADE-VERANO-PARQUE-ACUATICO-696x464.jpeg 696w, https:\/\/elpueblonoticia.com.ar\/web\/wp-content\/uploads\/2026\/02\/ESCUELADE-VERANO-PARQUE-ACUATICO-1068x712.jpeg 1068w, https:\/\/elpueblonoticia.com.ar\/web\/wp-content\/uploads\/2026\/02\/ESCUELADE-VERANO-PARQUE-ACUATICO.jpeg 1600w\" sizes=\"auto, (max-width: 810px) 100vw, 810px\" \/><\/p>\n<p class=\"x_MsoNormal\"><b data-olk-copy-source=\"MessageBody\">La \u201cEscuela de Verano\u201d llev\u00f3 talleres y actividades recreativas a los barrios, y adem\u00e1s facilit\u00f3 el acceso al Parque Acu\u00e1tico, &#8220;dando la oportunidad a los chicos de la zona rural, de los barrios, y de zonas perif\u00e9ricas, de disfrutar de este espacio propio que se hizo con mucho esfuerzo del municipio&#8221;, en palabras de Sonia Espina al dar cuenta del impacto social y territorial provocado por este programa integral.<\/b><\/p>\n<p class=\"x_MsoNormal\"><b>La secretaria de Educaci\u00f3n, Sonia Espina, tambi\u00e9n en la entrevista radial coment\u00f3 los avances en la oferta de carreras universitarias y actividades culturales, y se refiri\u00f3 al brillante desempe\u00f1o de las comparsas en los corsos.<\/b><\/p>\n<p class=\"x_MsoNormal\">La Escuela de Verano, un programa integral que abarc\u00f3 todo el territorio de Goya, cierra su edici\u00f3n con un balance altamente positivo, seg\u00fan lo expresado por la secretaria de Educaci\u00f3n, Sonia Espina. En declaraciones radiales, la funcionaria resalt\u00f3 la transformaci\u00f3n del programa en un espacio integral de actividades, con un enfoque social y territorial ampliado.<\/p>\n<p class=\"x_MsoNormal\">&#8220;La Escuela de Verano se fue transformando en estos a\u00f1os en un espacio integral donde se pod\u00edan hacer muchas actividades&#8221;, dijo Espina. &#8220;Este a\u00f1o pudimos hacer este mismo programa en distintos barrios, con epicentro en el Parque Acu\u00e1tico&#8221;, a\u00f1adi\u00f3.<\/p>\n<p class=\"x_MsoNormal\">La funcionaria destac\u00f3 la participaci\u00f3n de diversas \u00e1reas municipales, incluyendo las Direcciones de Juventud, Fortalecimiento Familiar, Prevenci\u00f3n de Adicciones, Cultura, Deportes y la Escuela de Artes Pl\u00e1sticas. Se realizaron talleres de artes, ajedrez, danza, m\u00fasica y actividades recreativas en diferentes puntos de la ciudad, incluyendo el Parque Acu\u00e1tico, que recibi\u00f3 a m\u00e1s de 1.500 chicos.<\/p>\n<p class=\"x_MsoNormal\">Sonia Espina tambi\u00e9n resalt\u00f3 que la Escuela de Verano permiti\u00f3 acercar actividades a ni\u00f1os de barrios perif\u00e9ricos y zonas rurales, brind\u00e1ndoles transporte gratuito y acceso al Parque Acu\u00e1tico. &#8220;Hicimos el esfuerzo para darle transporte, el ingreso gratuito y dem\u00e1s. Hab\u00eda madres que dec\u00edan que sus chicos ten\u00edan expectativas de ir al parque, esa fue la idea de este a\u00f1o, distinto a otros, pero con una mirada m\u00e1s social, para que los chicos conozcan el hermoso parque que tenemos los goyanos&#8221;, expres\u00f3.<\/p>\n<p class=\"x_MsoNormal\">OFERTAS DE ESTUDIO<\/p>\n<p class=\"x_MsoNormal\">Adem\u00e1s de la Escuela de Verano, la secretaria de Educaci\u00f3n se refiri\u00f3 a los avances en la oferta de carreras universitarias en Goya. Destac\u00f3 la apertura del cursillo para la tecnicatura en programaci\u00f3n de la Universidad Tecnol\u00f3gica Nacional (UTN), financiada por el municipio, y el trabajo para traer nuevas carreras a la ciudad, en base a encuestas realizadas a j\u00f3venes.<\/p>\n<p class=\"x_MsoNormal\">&#8220;Trabajamos con el intendente Mariano Hormaechea, con la Universidad Tecnol\u00f3gica Nacional (UTN); se abri\u00f3 el cursillo para la tecnicatura de programaci\u00f3n universitaria que est\u00e1 instalada en la ciudad con un esfuerzo del municipio. Los j\u00f3venes de Goya que salieron del secundario pueden estudiar una carrera universitaria de manera gratuita, nos hacemos cargo de la financiaci\u00f3n de la carrera&#8221;, explic\u00f3 Sonia Espina. &#8220;Trabajamos para traer otra carrera, el a\u00f1o pasado hicimos encuestas con Direcci\u00f3n de Juventud, y dem\u00e1s, donde tenemos una base de datos de las carreras que les interesa a los chicos&#8221;, inform\u00f3.<\/p>\n<p class=\"x_MsoNormal\">Sonia Espina tambi\u00e9n dijo que se trabaja con las escuelas municipales, el ITG y la escuela de Artes Pl\u00e1sticas, con una oferta de actividades \u201caggiornada\u201d a las demandas actuales.<\/p>\n<p class=\"x_MsoNormal\">Asimismo, la secretaria de Educaci\u00f3n expres\u00f3 su entusiasmo por el \u00e9xito de los corsos y felicit\u00f3 a las comparsas por su brillante desempe\u00f1o. &#8220;Todos, el s\u00e1bado a acompa\u00f1ar a nuestras comparsas, vivimos unos carnavales muy lindos, las comparsas brillaron todas. Felicitamos a Poramba, y a todas, porque brindaron un show espectacular. Los que fueron a los carnavales volvieron contentos&#8221;, expres\u00f3 Espina.<\/p>\n","protected":false},"excerpt":{"rendered":"<p>&nbsp; La \u201cEscuela de Verano\u201d llev\u00f3 talleres y actividades recreativas a los barrios, y adem\u00e1s facilit\u00f3 el acceso al Parque Acu\u00e1tico, &#8220;dando la oportunidad a los chicos de la zona rural, de los barrios, y de zonas perif\u00e9ricas, de disfrutar de este espacio propio que se hizo con mucho esfuerzo del municipio&#8221;, en palabras de [&hellip;]<\/p>\n","protected":false},"author":2,"featured_media":6673,"comment_status":"open","ping_status":"open","sticky":false,"template":"","format":"standard","meta":{"footnotes":""},"categories":[56],"tags":[],"class_list":{"0":"post-6672","1":"post","2":"type-post","3":"status-publish","4":"format-standard","5":"has-post-thumbnail","7":"category-locales"},"_links":{"self":[{"href":"https:\/\/elpueblonoticia.com.ar\/web\/wp-json\/wp\/v2\/posts\/6672","targetHints":{"allow":["GET"]}}],"collection":[{"href":"https:\/\/elpueblonoticia.com.ar\/web\/wp-json\/wp\/v2\/posts"}],"about":[{"href":"https:\/\/elpueblonoticia.com.ar\/web\/wp-json\/wp\/v2\/types\/post"}],"author":[{"embeddable":true,"href":"https:\/\/elpueblonoticia.com.ar\/web\/wp-json\/wp\/v2\/users\/2"}],"replies":[{"embeddable":true,"href":"https:\/\/elpueblonoticia.com.ar\/web\/wp-json\/wp\/v2\/comments?post=6672"}],"version-history":[{"count":1,"href":"https:\/\/elpueblonoticia.com.ar\/web\/wp-json\/wp\/v2\/posts\/6672\/revisions"}],"predecessor-version":[{"id":6676,"href":"https:\/\/elpueblonoticia.com.ar\/web\/wp-json\/wp\/v2\/posts\/6672\/revisions\/6676"}],"wp:featuredmedia":[{"embeddable":true,"href":"https:\/\/elpueblonoticia.com.ar\/web\/wp-json\/wp\/v2\/media\/6673"}],"wp:attachment":[{"href":"https:\/\/elpueblonoticia.com.ar\/web\/wp-json\/wp\/v2\/media?parent=6672"}],"wp:term":[{"taxonomy":"category","embeddable":true,"href":"https:\/\/elpueblonoticia.com.ar\/web\/wp-json\/wp\/v2\/categories?post=6672"},{"taxonomy":"post_tag","embeddable":true,"href":"https:\/\/elpueblonoticia.com.ar\/web\/wp-json\/wp\/v2\/tags?post=6672"}],"curies":[{"name":"wp","href":"https:\/\/api.w.org\/{rel}","templated":true}]}}