{"id":6663,"date":"2026-02-06T08:26:49","date_gmt":"2026-02-06T11:26:49","guid":{"rendered":"https:\/\/elpueblonoticia.com.ar\/web\/?p=6663"},"modified":"2026-02-06T08:26:49","modified_gmt":"2026-02-06T11:26:49","slug":"escuela-antonio-villarreal-cierre-de-talleres-de-verano","status":"publish","type":"post","link":"https:\/\/elpueblonoticia.com.ar\/web\/2026\/02\/06\/escuela-antonio-villarreal-cierre-de-talleres-de-verano\/","title":{"rendered":"ESCUELA ANTONIO VILLARREAL : CIERRE DE TALLERES DE VERANO"},"content":{"rendered":"<p data-olk-copy-source=\"MessageBody\"><img loading=\"lazy\" decoding=\"async\" class=\"alignnone  wp-image-6665\" src=\"https:\/\/elpueblonoticia.com.ar\/web\/wp-content\/uploads\/2026\/02\/FotoJet-5-300x191.jpg\" alt=\"\" width=\"878\" height=\"559\" srcset=\"https:\/\/elpueblonoticia.com.ar\/web\/wp-content\/uploads\/2026\/02\/FotoJet-5-300x191.jpg 300w, https:\/\/elpueblonoticia.com.ar\/web\/wp-content\/uploads\/2026\/02\/FotoJet-5-1024x652.jpg 1024w, https:\/\/elpueblonoticia.com.ar\/web\/wp-content\/uploads\/2026\/02\/FotoJet-5-768x489.jpg 768w, https:\/\/elpueblonoticia.com.ar\/web\/wp-content\/uploads\/2026\/02\/FotoJet-5-1536x978.jpg 1536w, https:\/\/elpueblonoticia.com.ar\/web\/wp-content\/uploads\/2026\/02\/FotoJet-5-2048x1303.jpg 2048w, https:\/\/elpueblonoticia.com.ar\/web\/wp-content\/uploads\/2026\/02\/FotoJet-5-660x420.jpg 660w, https:\/\/elpueblonoticia.com.ar\/web\/wp-content\/uploads\/2026\/02\/FotoJet-5-696x443.jpg 696w, https:\/\/elpueblonoticia.com.ar\/web\/wp-content\/uploads\/2026\/02\/FotoJet-5-1068x680.jpg 1068w\" sizes=\"auto, (max-width: 878px) 100vw, 878px\" \/><\/p>\n<p class=\"x_MsoNormal\" data-olk-copy-source=\"MessageBody\">Ayer mi\u00e9rcoles, se realiz\u00f3 el cierre de los Talleres de Escuela de Verano, en un encuentro realizado en la Escuela Municipal \u201cAntonio Villarreal\u201d, que cont\u00f3 con la presencia de autoridades educativas, docentes, alumnos y familias.<\/p>\n<p class=\"x_MsoNormal\">La jornada fue acompa\u00f1ada por la Secretaria de Educaci\u00f3n, doctora Sonia Espina, quien destac\u00f3 el valor de estas propuestas formativas orientadas a brindar herramientas creativas, recreativas y de aprendizaje durante el receso estival. En la oportunidad se concret\u00f3 el cierre de los talleres desarrollados en dicha instituci\u00f3n, entre ellos Chefcitos, Mini Glam Studio, Mini Delicias, Panaderitos, y \u201cCoser para crear, crear para crecer\u201d.<\/p>\n<p class=\"x_MsoNormal\">Asimismo, en este mismo acto se dio cierre a capacitaciones que se dictaron en otros espacios educativos municipales, como la Escuela Nuestra Se\u00f1ora de Itat\u00ed, donde se llev\u00f3 adelante el taller Spa-Divertirte, y en el Instituto Tecnol\u00f3gico Goya (ITG), con la capacitaci\u00f3n en Creaci\u00f3n de Cortos Animados en 3D, centralizando todas las actividades finales en la Escuela Municipal Antonio Villarreal.<\/p>\n<p class=\"x_MsoNormal\">Del encuentro participaron tambi\u00e9n las directoras de las Escuelas Municipales, Gladys Ramos y Dorita Mac\u00edas; el responsable del Instituto Tecnol\u00f3gico Goya, profesor Marco Sosa; la coordinadora pedag\u00f3gica Laura Vicentin; Mariana Sosa, integrante del \u00e1rea de la Secretar\u00eda de Educaci\u00f3n; adem\u00e1s de profesores y alumnos que formaron parte de los distintos talleres.<\/p>\n<p class=\"x_MsoNormal\">Durante el cierre, los estudiantes realizaron demostraciones pr\u00e1cticas de todo lo aprendido a lo largo de los cursos, exhibiendo habilidades, producciones y conocimientos adquiridos, lo que permiti\u00f3 poner en valor el trabajo realizado tanto por los docentes como por los participantes.<\/p>\n","protected":false},"excerpt":{"rendered":"<p>Ayer mi\u00e9rcoles, se realiz\u00f3 el cierre de los Talleres de Escuela de Verano, en un encuentro realizado en la Escuela Municipal \u201cAntonio Villarreal\u201d, que cont\u00f3 con la presencia de autoridades educativas, docentes, alumnos y familias. La jornada fue acompa\u00f1ada por la Secretaria de Educaci\u00f3n, doctora Sonia Espina, quien destac\u00f3 el valor de estas propuestas formativas [&hellip;]<\/p>\n","protected":false},"author":2,"featured_media":6664,"comment_status":"open","ping_status":"open","sticky":false,"template":"","format":"standard","meta":{"footnotes":""},"categories":[56],"tags":[],"class_list":{"0":"post-6663","1":"post","2":"type-post","3":"status-publish","4":"format-standard","5":"has-post-thumbnail","7":"category-locales"},"_links":{"self":[{"href":"https:\/\/elpueblonoticia.com.ar\/web\/wp-json\/wp\/v2\/posts\/6663","targetHints":{"allow":["GET"]}}],"collection":[{"href":"https:\/\/elpueblonoticia.com.ar\/web\/wp-json\/wp\/v2\/posts"}],"about":[{"href":"https:\/\/elpueblonoticia.com.ar\/web\/wp-json\/wp\/v2\/types\/post"}],"author":[{"embeddable":true,"href":"https:\/\/elpueblonoticia.com.ar\/web\/wp-json\/wp\/v2\/users\/2"}],"replies":[{"embeddable":true,"href":"https:\/\/elpueblonoticia.com.ar\/web\/wp-json\/wp\/v2\/comments?post=6663"}],"version-history":[{"count":1,"href":"https:\/\/elpueblonoticia.com.ar\/web\/wp-json\/wp\/v2\/posts\/6663\/revisions"}],"predecessor-version":[{"id":6666,"href":"https:\/\/elpueblonoticia.com.ar\/web\/wp-json\/wp\/v2\/posts\/6663\/revisions\/6666"}],"wp:featuredmedia":[{"embeddable":true,"href":"https:\/\/elpueblonoticia.com.ar\/web\/wp-json\/wp\/v2\/media\/6664"}],"wp:attachment":[{"href":"https:\/\/elpueblonoticia.com.ar\/web\/wp-json\/wp\/v2\/media?parent=6663"}],"wp:term":[{"taxonomy":"category","embeddable":true,"href":"https:\/\/elpueblonoticia.com.ar\/web\/wp-json\/wp\/v2\/categories?post=6663"},{"taxonomy":"post_tag","embeddable":true,"href":"https:\/\/elpueblonoticia.com.ar\/web\/wp-json\/wp\/v2\/tags?post=6663"}],"curies":[{"name":"wp","href":"https:\/\/api.w.org\/{rel}","templated":true}]}}