{"id":6654,"date":"2026-02-06T07:35:38","date_gmt":"2026-02-06T10:35:38","guid":{"rendered":"https:\/\/elpueblonoticia.com.ar\/web\/?p=6654"},"modified":"2026-02-06T07:35:38","modified_gmt":"2026-02-06T10:35:38","slug":"intendente-mariano-hormaechea-recibio-al-jefe-de-la-prefectura-goya","status":"publish","type":"post","link":"https:\/\/elpueblonoticia.com.ar\/web\/2026\/02\/06\/intendente-mariano-hormaechea-recibio-al-jefe-de-la-prefectura-goya\/","title":{"rendered":"INTENDENTE MARIANO HORMAECHEA RECIBI\u00d3 AL JEFE DE LA PREFECTURA GOYA"},"content":{"rendered":"<p data-olk-copy-source=\"MessageBody\"><img loading=\"lazy\" decoding=\"async\" class=\"alignnone size-medium wp-image-6657\" src=\"https:\/\/elpueblonoticia.com.ar\/web\/wp-content\/uploads\/2026\/02\/INTENDENTE-JEFE-DE-PREFECTURA-1-300x199.jpeg\" alt=\"\" width=\"300\" height=\"199\" srcset=\"https:\/\/elpueblonoticia.com.ar\/web\/wp-content\/uploads\/2026\/02\/INTENDENTE-JEFE-DE-PREFECTURA-1-300x199.jpeg 300w, https:\/\/elpueblonoticia.com.ar\/web\/wp-content\/uploads\/2026\/02\/INTENDENTE-JEFE-DE-PREFECTURA-1-1024x678.jpeg 1024w, https:\/\/elpueblonoticia.com.ar\/web\/wp-content\/uploads\/2026\/02\/INTENDENTE-JEFE-DE-PREFECTURA-1-768x508.jpeg 768w, https:\/\/elpueblonoticia.com.ar\/web\/wp-content\/uploads\/2026\/02\/INTENDENTE-JEFE-DE-PREFECTURA-1-1536x1017.jpeg 1536w, https:\/\/elpueblonoticia.com.ar\/web\/wp-content\/uploads\/2026\/02\/INTENDENTE-JEFE-DE-PREFECTURA-1-635x420.jpeg 635w, https:\/\/elpueblonoticia.com.ar\/web\/wp-content\/uploads\/2026\/02\/INTENDENTE-JEFE-DE-PREFECTURA-1-696x461.jpeg 696w, https:\/\/elpueblonoticia.com.ar\/web\/wp-content\/uploads\/2026\/02\/INTENDENTE-JEFE-DE-PREFECTURA-1-1068x707.jpeg 1068w, https:\/\/elpueblonoticia.com.ar\/web\/wp-content\/uploads\/2026\/02\/INTENDENTE-JEFE-DE-PREFECTURA-1.jpeg 1600w\" sizes=\"auto, (max-width: 300px) 100vw, 300px\" \/> <img loading=\"lazy\" decoding=\"async\" class=\"alignnone size-medium wp-image-6658\" src=\"https:\/\/elpueblonoticia.com.ar\/web\/wp-content\/uploads\/2026\/02\/INTENDENTE-JEFE-DE-PREFECTURA-2-300x199.jpeg\" alt=\"\" width=\"300\" height=\"199\" srcset=\"https:\/\/elpueblonoticia.com.ar\/web\/wp-content\/uploads\/2026\/02\/INTENDENTE-JEFE-DE-PREFECTURA-2-300x199.jpeg 300w, https:\/\/elpueblonoticia.com.ar\/web\/wp-content\/uploads\/2026\/02\/INTENDENTE-JEFE-DE-PREFECTURA-2-1024x678.jpeg 1024w, https:\/\/elpueblonoticia.com.ar\/web\/wp-content\/uploads\/2026\/02\/INTENDENTE-JEFE-DE-PREFECTURA-2-768x509.jpeg 768w, https:\/\/elpueblonoticia.com.ar\/web\/wp-content\/uploads\/2026\/02\/INTENDENTE-JEFE-DE-PREFECTURA-2-1536x1017.jpeg 1536w, https:\/\/elpueblonoticia.com.ar\/web\/wp-content\/uploads\/2026\/02\/INTENDENTE-JEFE-DE-PREFECTURA-2-634x420.jpeg 634w, https:\/\/elpueblonoticia.com.ar\/web\/wp-content\/uploads\/2026\/02\/INTENDENTE-JEFE-DE-PREFECTURA-2-696x461.jpeg 696w, https:\/\/elpueblonoticia.com.ar\/web\/wp-content\/uploads\/2026\/02\/INTENDENTE-JEFE-DE-PREFECTURA-2-1068x707.jpeg 1068w, https:\/\/elpueblonoticia.com.ar\/web\/wp-content\/uploads\/2026\/02\/INTENDENTE-JEFE-DE-PREFECTURA-2.jpeg 1599w\" sizes=\"auto, (max-width: 300px) 100vw, 300px\" \/> <img loading=\"lazy\" decoding=\"async\" class=\"alignnone size-medium wp-image-6659\" src=\"https:\/\/elpueblonoticia.com.ar\/web\/wp-content\/uploads\/2026\/02\/INTENDENTE-JEFE-DE-PREFECTURA-4-1-300x199.jpeg\" alt=\"\" width=\"300\" height=\"199\" srcset=\"https:\/\/elpueblonoticia.com.ar\/web\/wp-content\/uploads\/2026\/02\/INTENDENTE-JEFE-DE-PREFECTURA-4-1-300x199.jpeg 300w, https:\/\/elpueblonoticia.com.ar\/web\/wp-content\/uploads\/2026\/02\/INTENDENTE-JEFE-DE-PREFECTURA-4-1-1024x678.jpeg 1024w, https:\/\/elpueblonoticia.com.ar\/web\/wp-content\/uploads\/2026\/02\/INTENDENTE-JEFE-DE-PREFECTURA-4-1-768x509.jpeg 768w, https:\/\/elpueblonoticia.com.ar\/web\/wp-content\/uploads\/2026\/02\/INTENDENTE-JEFE-DE-PREFECTURA-4-1-634x420.jpeg 634w, https:\/\/elpueblonoticia.com.ar\/web\/wp-content\/uploads\/2026\/02\/INTENDENTE-JEFE-DE-PREFECTURA-4-1-696x461.jpeg 696w, https:\/\/elpueblonoticia.com.ar\/web\/wp-content\/uploads\/2026\/02\/INTENDENTE-JEFE-DE-PREFECTURA-4-1-1068x707.jpeg 1068w, https:\/\/elpueblonoticia.com.ar\/web\/wp-content\/uploads\/2026\/02\/INTENDENTE-JEFE-DE-PREFECTURA-4-1.jpeg 1300w\" sizes=\"auto, (max-width: 300px) 100vw, 300px\" \/><\/p>\n<p class=\"x_MsoNormal\" data-olk-copy-source=\"MessageBody\">En la ma\u00f1ana del pasado mi\u00e9rcoles, el intendente municipal de Goya, doctor Mariano Hormaechea, recibi\u00f3 en su despacho al jefe de la Prefectura Goya, Prefecto Marcelo Sebasti\u00e1n Regondi, quien estuvo acompa\u00f1ado por el subprefecto Edelmiro Emanuel Gallardo y el encargado de Prefectura Goya Ayudante Principal Miguel \u00c1ngel Zalazar.<\/p>\n<p class=\"x_MsoNormal\">El motivo de la visita protocolar, donde el Prefecto Sebastia Regondi present\u00f3 formalmente el saludo como nuevo jefe de Prefectura Goya al intendente de la ciudad de Goya.<\/p>\n<p class=\"x_MsoNormal\">Durante el encuentro, el Prefecto Regondi, Suprefecto Gallardo y el ayudante principal Zalazar mantuvieron un di\u00e1logo con el jefe de la comuna de Goya sobre diversos temas vinculados a la realidad y a la actualidad local, poniendo especial \u00e9nfasis en la coordinaci\u00f3n de acciones en materia de seguridad y en el desarrollo de actividades institucionales conjuntas.<\/p>\n<p class=\"x_MsoNormal\">En ese marco, ambas partes se pusieron a entera disposici\u00f3n para la realizaci\u00f3n de tareas compartidas, reafirmando el compromiso de trabajo articulado entre el Municipio y la Prefectura Naval Argentina.<\/p>\n<p class=\"x_MsoNormal\" aria-hidden=\"true\">\n","protected":false},"excerpt":{"rendered":"<p>En la ma\u00f1ana del pasado mi\u00e9rcoles, el intendente municipal de Goya, doctor Mariano Hormaechea, recibi\u00f3 en su despacho al jefe de la Prefectura Goya, Prefecto Marcelo Sebasti\u00e1n Regondi, quien estuvo acompa\u00f1ado por el subprefecto Edelmiro Emanuel Gallardo y el encargado de Prefectura Goya Ayudante Principal Miguel \u00c1ngel Zalazar. El motivo de la visita protocolar, donde [&hellip;]<\/p>\n","protected":false},"author":2,"featured_media":6656,"comment_status":"open","ping_status":"open","sticky":false,"template":"","format":"standard","meta":{"footnotes":""},"categories":[56],"tags":[],"class_list":{"0":"post-6654","1":"post","2":"type-post","3":"status-publish","4":"format-standard","5":"has-post-thumbnail","7":"category-locales"},"_links":{"self":[{"href":"https:\/\/elpueblonoticia.com.ar\/web\/wp-json\/wp\/v2\/posts\/6654","targetHints":{"allow":["GET"]}}],"collection":[{"href":"https:\/\/elpueblonoticia.com.ar\/web\/wp-json\/wp\/v2\/posts"}],"about":[{"href":"https:\/\/elpueblonoticia.com.ar\/web\/wp-json\/wp\/v2\/types\/post"}],"author":[{"embeddable":true,"href":"https:\/\/elpueblonoticia.com.ar\/web\/wp-json\/wp\/v2\/users\/2"}],"replies":[{"embeddable":true,"href":"https:\/\/elpueblonoticia.com.ar\/web\/wp-json\/wp\/v2\/comments?post=6654"}],"version-history":[{"count":1,"href":"https:\/\/elpueblonoticia.com.ar\/web\/wp-json\/wp\/v2\/posts\/6654\/revisions"}],"predecessor-version":[{"id":6660,"href":"https:\/\/elpueblonoticia.com.ar\/web\/wp-json\/wp\/v2\/posts\/6654\/revisions\/6660"}],"wp:featuredmedia":[{"embeddable":true,"href":"https:\/\/elpueblonoticia.com.ar\/web\/wp-json\/wp\/v2\/media\/6656"}],"wp:attachment":[{"href":"https:\/\/elpueblonoticia.com.ar\/web\/wp-json\/wp\/v2\/media?parent=6654"}],"wp:term":[{"taxonomy":"category","embeddable":true,"href":"https:\/\/elpueblonoticia.com.ar\/web\/wp-json\/wp\/v2\/categories?post=6654"},{"taxonomy":"post_tag","embeddable":true,"href":"https:\/\/elpueblonoticia.com.ar\/web\/wp-json\/wp\/v2\/tags?post=6654"}],"curies":[{"name":"wp","href":"https:\/\/api.w.org\/{rel}","templated":true}]}}