{"id":6649,"date":"2026-02-05T12:42:36","date_gmt":"2026-02-05T15:42:36","guid":{"rendered":"https:\/\/elpueblonoticia.com.ar\/web\/?p=6649"},"modified":"2026-02-05T12:42:36","modified_gmt":"2026-02-05T15:42:36","slug":"valdes-avanzo-en-una-agenda-de-trabajo-con-autoridades-nacionales-en-casa-rosada","status":"publish","type":"post","link":"https:\/\/elpueblonoticia.com.ar\/web\/2026\/02\/05\/valdes-avanzo-en-una-agenda-de-trabajo-con-autoridades-nacionales-en-casa-rosada\/","title":{"rendered":"Vald\u00e9s avanz\u00f3 en una agenda de trabajo con autoridades nacionales en Casa Rosada"},"content":{"rendered":"<p>El gobernador de Corrientes, Juan Pablo Vald\u00e9s, este mi\u00e9rcoles mantuvo una reuni\u00f3n de trabajo en Casa Rosada con el jefe de Gabinete de la Naci\u00f3n, Manuel Adorni, y el ministro del Interior, Diego Santilli, con el objetivo de fortalecer el di\u00e1logo institucional y avanzar en una agenda com\u00fan que promueva el desarrollo de la provincia.<br \/>\nDurante el encuentro en Buenos Aires, las autoridades coincidieron en la importancia de profundizar la articulaci\u00f3n entre Naci\u00f3n y Provincia para impulsar pol\u00edticas p\u00fablicas que generen m\u00e1s oportunidades para los correntinos. En ese marco, Vald\u00e9s destac\u00f3 la necesidad de sostener una gesti\u00f3n basada en el trabajo conjunto, el di\u00e1logo permanente y la coordinaci\u00f3n de esfuerzos.<\/p>\n<p>\u201cM\u00e1s gesti\u00f3n, m\u00e1s articulaci\u00f3n y m\u00e1s oportunidades para Corrientes\u201d, expres\u00f3 el mandatario provincial, remarcando el compromiso de su gobierno de continuar fortaleciendo v\u00ednculos institucionales que permitan avanzar en proyectos estrat\u00e9gicos para el crecimiento y el desarrollo integral de la provincia.<\/p>\n","protected":false},"excerpt":{"rendered":"<p>El gobernador de Corrientes, Juan Pablo Vald\u00e9s, este mi\u00e9rcoles mantuvo una reuni\u00f3n de trabajo en Casa Rosada con el jefe de Gabinete de la Naci\u00f3n, Manuel Adorni, y el ministro del Interior, Diego Santilli, con el objetivo de fortalecer el di\u00e1logo institucional y avanzar en una agenda com\u00fan que promueva el desarrollo de la provincia. [&hellip;]<\/p>\n","protected":false},"author":2,"featured_media":6650,"comment_status":"open","ping_status":"open","sticky":false,"template":"","format":"standard","meta":{"footnotes":""},"categories":[66],"tags":[],"class_list":{"0":"post-6649","1":"post","2":"type-post","3":"status-publish","4":"format-standard","5":"has-post-thumbnail","7":"category-politica-nacionales"},"_links":{"self":[{"href":"https:\/\/elpueblonoticia.com.ar\/web\/wp-json\/wp\/v2\/posts\/6649","targetHints":{"allow":["GET"]}}],"collection":[{"href":"https:\/\/elpueblonoticia.com.ar\/web\/wp-json\/wp\/v2\/posts"}],"about":[{"href":"https:\/\/elpueblonoticia.com.ar\/web\/wp-json\/wp\/v2\/types\/post"}],"author":[{"embeddable":true,"href":"https:\/\/elpueblonoticia.com.ar\/web\/wp-json\/wp\/v2\/users\/2"}],"replies":[{"embeddable":true,"href":"https:\/\/elpueblonoticia.com.ar\/web\/wp-json\/wp\/v2\/comments?post=6649"}],"version-history":[{"count":1,"href":"https:\/\/elpueblonoticia.com.ar\/web\/wp-json\/wp\/v2\/posts\/6649\/revisions"}],"predecessor-version":[{"id":6651,"href":"https:\/\/elpueblonoticia.com.ar\/web\/wp-json\/wp\/v2\/posts\/6649\/revisions\/6651"}],"wp:featuredmedia":[{"embeddable":true,"href":"https:\/\/elpueblonoticia.com.ar\/web\/wp-json\/wp\/v2\/media\/6650"}],"wp:attachment":[{"href":"https:\/\/elpueblonoticia.com.ar\/web\/wp-json\/wp\/v2\/media?parent=6649"}],"wp:term":[{"taxonomy":"category","embeddable":true,"href":"https:\/\/elpueblonoticia.com.ar\/web\/wp-json\/wp\/v2\/categories?post=6649"},{"taxonomy":"post_tag","embeddable":true,"href":"https:\/\/elpueblonoticia.com.ar\/web\/wp-json\/wp\/v2\/tags?post=6649"}],"curies":[{"name":"wp","href":"https:\/\/api.w.org\/{rel}","templated":true}]}}