{"id":6645,"date":"2026-02-05T11:51:30","date_gmt":"2026-02-05T14:51:30","guid":{"rendered":"https:\/\/elpueblonoticia.com.ar\/web\/?p=6645"},"modified":"2026-02-05T11:51:30","modified_gmt":"2026-02-05T14:51:30","slug":"la-cgt-local-rechazo-la-reforma-laboral-y-reclama-a-legisladores","status":"publish","type":"post","link":"https:\/\/elpueblonoticia.com.ar\/web\/2026\/02\/05\/la-cgt-local-rechazo-la-reforma-laboral-y-reclama-a-legisladores\/","title":{"rendered":"La CGT local rechaz\u00f3 la reforma laboral y reclama a legisladores"},"content":{"rendered":"<div class=\"contenido\">\n<div id=\"modalIntrotext\">\n<div>Los representantes de sindicatos de la regional Corrientes solicitaron a los legisladores nacionales que mantengan responsabilidad institucional. Advierten sobre los cambios en las indemnizaciones, la eliminaci\u00f3n de horas extras, entre otros puntos.<\/div>\n<div><\/div>\n<div><\/div>\n<\/div>\n<div id=\"modalFulltext\">\n<div>El plenario de la CGT Regional Corrientes se reuni\u00f3 ayer y de manera un\u00e1nime rechaz\u00f3 el proyecto de reforma laboral que impulsa el gobierno de Javier Milei en el Congreso de la Naci\u00f3n. Adem\u00e1s, exigieron a los legisladores nacionales por Corrientes responsabilidad institucional ante el inminente tratamiento de la iniciativa.<\/div>\n<div>La CGT Regional Corrientes, que nuclea a m\u00e1s de 60 sindicatos de trabajadores estatales y del sector privado, se reuni\u00f3 ayer para rechazar el proyecto de reforma laboral que actualmente se analiza en el Senado de la Naci\u00f3n y tiene como fecha de tratamiento el pr\u00f3ximo 11 de febrero. El encuentro estuvo presidido por el secretario general de la filial regional de la central obrera, Guido Tello.<\/div>\n<div><\/div>\n<div>En la oportunidad se abord\u00f3 el impacto de la reforma laboral impulsada por el Presidente de la Naci\u00f3n. En ese sentido, el plenario resolvi\u00f3 por unanimidad el rechazo del proyecto de ley al considerar que implica un &#8220;retroceso significativo en materia de derechos salariales, laborales y condiciones de trabajo&#8221;.<\/div>\n<div><\/div>\n<div>La CGT Regional Corrientes, adem\u00e1s, exigi\u00f3 responsabilidad institucional y compromiso con la defensa de los derechos de los trabajadores a los diputados nacionales por Corrientes Nancy Sand, Christian Zully, Ra\u00fal &#8220;Rulo&#8221; Hadad, Virginia Gallardo, Di\u00f3genes Gonz\u00e1lez, Lisandro Almir\u00f3n y Jos\u00e9 Tournier. En el caso de los tres primeros, quienes pertenecen al bloque peronista en la C\u00e1mara baja nacional, hab\u00edan anticipado su voto negativo. Por su parte, los tres libertarios s\u00ed respaldar\u00e1n, mientras que el radical pone foco en el cap\u00edtulo fiscal.<\/div>\n<div><\/div>\n<div>El plenario tambi\u00e9n reclam\u00f3 de igual manera a los senadores nacionales por Corrientes Carlos Mauricio &#8220;Camau&#8221; Esp\u00ednola, quien preside el bloque de Provincias Unidas, como as\u00ed a los radicales Eduardo Vischi y Gabriela Valenzuela. Todo indica que los oficialistas provinciales respaldar\u00edan en general la iniciativa, tras las conversaciones que mantuvo el Gobierno nacional con la Provincia.<\/div>\n<div><\/div>\n<div>Los representantes sindicales tambi\u00e9n peticionaron al gobernador Juan Pablo Vald\u00e9s, que instruya a los legisladores nacionales que responden a su l\u00ednea pol\u00edtica. Piden que &#8220;no conviertan los derechos de los trabajadores en moneda de cambio&#8221; en lo que \u00e9stos observar\u00edan como las negociaciones por los &#8220;excedentes de coparticipaci\u00f3n, Aportes del Tesoro Nacional (ATN) o fondos discrecionales destinados a la caja provincial, a cambio de respaldar esta flexibilizaci\u00f3n laboral en el Congreso&#8221;.<\/div>\n<div><\/div>\n<div>Varios son los motivos por el cual la CGT Corrientes rechaza la iniciativa. Algunos de ellos consiste en la falta de limitaci\u00f3n de la ultraactividad ya que se pretende dar culminaci\u00f3n a los acuerdos en los convenios colectivos; los cambios en las indemnizaciones por despidos, ya que limita y disminuye lo que actualmente estipula la ley.<\/div>\n<div><\/div>\n<div>El proyecto establece a cambio la creaci\u00f3n de un fondo de cese laboral que desvincula a las empresas de cualquier pago de indemnizaci\u00f3n, trasladando la responsabilidad a las compa\u00f1\u00edas de seguro. Se condicionan las vacaciones de manera discrecional; se establece un banco de horas en lugar del pago de horas extras.<\/div>\n<div><\/div>\n<div>&#8220;Bajo el t\u00edtulo de modernizaci\u00f3n se intenta simplificar resoluciones de conflictos laborales con herramientas digitales, que nada tienen que ver con la mayor generaci\u00f3n de empleos&#8221;, indicaron desde la central. Advirtieron que no s\u00f3lo facilitar\u00eda &#8220;el fraude laboral&#8221;, sino tambi\u00e9n &#8220;el empleo en negro&#8221;.<\/div>\n<div><\/div>\n<div><\/div>\n<div>Para los sindicatos, la reforma &#8220;promueve la informalidad al quitar las sanciones a los empleadores que no registran trabajadores&#8221;. Tambi\u00e9n, rechazan la extensi\u00f3n de los periodos de prueba a un a\u00f1o y la falta de cobertura de seguridad para quienes trabajan mediante aplicaciones o plataformas digitales y casas particulares.<\/div>\n<div>\n<div><\/div>\n<div>&#8220;La introducci\u00f3n de salarios din\u00e1micos e inestables, licuar\u00e1 los haberes reales&#8221;, alertaron desde la central. Indicaron que la iniciativa &#8220;viola el art\u00edculo 14 bis (de la Constituci\u00f3n Nacional) y el principio de progresividad al representar un retroceso regresivo en derechos adquiridos que no pueden ser eliminados por ley&#8221;.<\/div>\n<\/div>\n<div>\n<div><\/div>\n<div>&#8220;Cada vez que se habla de reforma laboral, de manera discrecional se la plantea en favor del capital y en contra del esfuerzo del trabajador&#8221;, indicaron a trav\u00e9s de un documento. &#8220;Estas pol\u00edticas buscan transferir mayores ganancias y niveles de riqueza al capital concentrado&#8221;, se\u00f1alaron.<\/div>\n<\/div>\n<\/div>\n<div>\n<div id=\"117986-4\"><\/div>\n<div id=\"117986-6\"><\/div>\n<div id=\"117986-3\"><\/div>\n<\/div>\n<\/div>\n<div class=\"modalRedes\"><\/div>\n","protected":false},"excerpt":{"rendered":"<p>Los representantes de sindicatos de la regional Corrientes solicitaron a los legisladores nacionales que mantengan responsabilidad institucional. Advierten sobre los cambios en las indemnizaciones, la eliminaci\u00f3n de horas extras, entre otros puntos. El plenario de la CGT Regional Corrientes se reuni\u00f3 ayer y de manera un\u00e1nime rechaz\u00f3 el proyecto de reforma laboral que impulsa el [&hellip;]<\/p>\n","protected":false},"author":2,"featured_media":6646,"comment_status":"open","ping_status":"open","sticky":false,"template":"","format":"standard","meta":{"footnotes":""},"categories":[66],"tags":[],"class_list":{"0":"post-6645","1":"post","2":"type-post","3":"status-publish","4":"format-standard","5":"has-post-thumbnail","7":"category-politica-nacionales"},"_links":{"self":[{"href":"https:\/\/elpueblonoticia.com.ar\/web\/wp-json\/wp\/v2\/posts\/6645","targetHints":{"allow":["GET"]}}],"collection":[{"href":"https:\/\/elpueblonoticia.com.ar\/web\/wp-json\/wp\/v2\/posts"}],"about":[{"href":"https:\/\/elpueblonoticia.com.ar\/web\/wp-json\/wp\/v2\/types\/post"}],"author":[{"embeddable":true,"href":"https:\/\/elpueblonoticia.com.ar\/web\/wp-json\/wp\/v2\/users\/2"}],"replies":[{"embeddable":true,"href":"https:\/\/elpueblonoticia.com.ar\/web\/wp-json\/wp\/v2\/comments?post=6645"}],"version-history":[{"count":1,"href":"https:\/\/elpueblonoticia.com.ar\/web\/wp-json\/wp\/v2\/posts\/6645\/revisions"}],"predecessor-version":[{"id":6647,"href":"https:\/\/elpueblonoticia.com.ar\/web\/wp-json\/wp\/v2\/posts\/6645\/revisions\/6647"}],"wp:featuredmedia":[{"embeddable":true,"href":"https:\/\/elpueblonoticia.com.ar\/web\/wp-json\/wp\/v2\/media\/6646"}],"wp:attachment":[{"href":"https:\/\/elpueblonoticia.com.ar\/web\/wp-json\/wp\/v2\/media?parent=6645"}],"wp:term":[{"taxonomy":"category","embeddable":true,"href":"https:\/\/elpueblonoticia.com.ar\/web\/wp-json\/wp\/v2\/categories?post=6645"},{"taxonomy":"post_tag","embeddable":true,"href":"https:\/\/elpueblonoticia.com.ar\/web\/wp-json\/wp\/v2\/tags?post=6645"}],"curies":[{"name":"wp","href":"https:\/\/api.w.org\/{rel}","templated":true}]}}