{"id":6641,"date":"2026-02-05T11:42:26","date_gmt":"2026-02-05T14:42:26","guid":{"rendered":"https:\/\/elpueblonoticia.com.ar\/web\/?p=6641"},"modified":"2026-02-05T11:42:26","modified_gmt":"2026-02-05T14:42:26","slug":"salud-avanza-con-acciones-para-fortalecer-la-deteccion-precoz-de-la-hipoacusia","status":"publish","type":"post","link":"https:\/\/elpueblonoticia.com.ar\/web\/2026\/02\/05\/salud-avanza-con-acciones-para-fortalecer-la-deteccion-precoz-de-la-hipoacusia\/","title":{"rendered":"Salud avanza con acciones para fortalecer la detecci\u00f3n precoz de la Hipoacusia"},"content":{"rendered":"<div class=\"cuerpo_noticia\">\n<div class=\"slider\">\n<div id=\"carousel\" class=\"flexslider e_carousel\">\n<div class=\"flex-viewport\">\n<p><img decoding=\"async\" src=\"https:\/\/www.nordestealdia.com\/\/corrientes\/notix\/multimedia\/imagenes\/fotos\/2026-02-05\/421843.jpg_tb.jpg\" \/><img decoding=\"async\" src=\"https:\/\/www.nordestealdia.com\/\/corrientes\/notix\/multimedia\/imagenes\/fotos\/2026-02-05\/830763.jpg_tb.jpg\" \/><\/p>\n<\/div>\n<\/div>\n<\/div>\n<\/div>\n<div class=\"cuerpo_noticia\"><\/div>\n<div class=\"copete_noticia\">En una reuni\u00f3n, referentes provinciales analizaron el trabajo del Programa Provincial de Detecci\u00f3n Precoz de la Hipoacusia, con el objetivo de promover el diagn\u00f3stico temprano y la atenci\u00f3n integral de la salud auditiva en Corrientes.<\/div>\n<div class=\"cuerpo_noticia\">\nEl Ministerio de Salud P\u00fablica, a cargo de Emilio Lanari\u00a0avanza con acciones en el marco del Programa Provincial de Detecci\u00f3n Precoz de la Hipoacusia. En ese contexto, se realiz\u00f3 una reuni\u00f3n de trabajo con referentes provinciales para fortalecer el programa y continuar impulsando la atenci\u00f3n integral de la salud auditiva.<\/p>\n<p>El encuentro fue encabezado por la subsecretaria de Salud de la Mujer, la Ni\u00f1ez y la Adolescencia, Adela Saade, y cont\u00f3 con la participaci\u00f3n de la directora general de Capital Humano, Teresita Dom\u00ednguez; el asesor legal, Adri\u00e1n Garc\u00eda; la directora de Formaci\u00f3n de Profesionales de la Salud, Nora Ropelato; Zulema Soria, audi\u00f3loga e integrante del equipo de hipoacusia; y Jorge Iglesia, jefe del Programa Provincial de Detecci\u00f3n Precoz de la Hipoacusia.<\/p>\n<p>Durante la reuni\u00f3n se abordaron distintos aspectos vinculados al \u00e1rea audiol\u00f3gica. Al respecto, Saade record\u00f3 que \u201cla provincia cuenta hace 12 a\u00f1os con el Programa Provincial de Pesquisa Auditiva, que actualmente funciona en las maternidades\u201d. En ese sentido, explic\u00f3 que en diez maternidades hay fonoaudi\u00f3logos que realizan el estudio antes del alta m\u00e9dica, tal como lo establece la normativa vigente.<\/p>\n<p>\u201cEsta pesquisa permite detectar tempranamente enfermedades auditivas y, de acuerdo con el resultado, definir el camino diagn\u00f3stico y terap\u00e9utico correspondiente\u201d, se\u00f1al\u00f3 la funcionaria.<\/p>\n<p>Otro de los ejes fue el avance del proyecto de la Residencia en Fonoaudiolog\u00eda Cl\u00ednica para la provincia de Corrientes. En este marco, se destac\u00f3 la articulaci\u00f3n con provincias como Chaco, con la que se avanzar\u00e1 en acuerdos institucionales.<\/p>\n<p>En relaci\u00f3n con el \u00e1rea de Otorrinolaringolog\u00eda, se remarc\u00f3 el crecimiento sostenido de las cirug\u00edas, que incluyen procedimientos de am\u00edgdalas, adenoides e implantes cocleares. Corrientes fue una de las primeras provincias, luego de la Ciudad Aut\u00f3noma de Buenos Aires, en realizar implantes cocleares, evitando derivaciones y fortaleciendo la atenci\u00f3n local.<\/p>\n<p>\u201cHoy estamos al mismo nivel que Buenos Aires y C\u00f3rdoba en calidad de atenci\u00f3n de los ni\u00f1os implantados, y la detecci\u00f3n temprana nos permite intervenir a tiempo\u201d, destac\u00f3 Saade.<\/p>\n<p>Tambi\u00e9n se avanz\u00f3 en la creaci\u00f3n de la Residencia de Otorrinolaringolog\u00eda Pedi\u00e1trica, que se desarrollar\u00e1 en el Hospital Pedi\u00e1trico. Se trata de una residencia postb\u00e1sica destinada a m\u00e9dicos pediatras, con programa, capacitadores, duraci\u00f3n y cupos ya definidos, que se incorporar\u00e1 como una nueva opci\u00f3n en el pr\u00f3ximo llamado a residencias de la provincia.<\/p><\/div>\n","protected":false},"excerpt":{"rendered":"<p>En una reuni\u00f3n, referentes provinciales analizaron el trabajo del Programa Provincial de Detecci\u00f3n Precoz de la Hipoacusia, con el objetivo de promover el diagn\u00f3stico temprano y la atenci\u00f3n integral de la salud auditiva en Corrientes. El Ministerio de Salud P\u00fablica, a cargo de Emilio Lanari\u00a0avanza con acciones en el marco del Programa Provincial de Detecci\u00f3n [&hellip;]<\/p>\n","protected":false},"author":2,"featured_media":6642,"comment_status":"open","ping_status":"open","sticky":false,"template":"","format":"standard","meta":{"footnotes":""},"categories":[79],"tags":[],"class_list":{"0":"post-6641","1":"post","2":"type-post","3":"status-publish","4":"format-standard","5":"has-post-thumbnail","7":"category-corrientes"},"_links":{"self":[{"href":"https:\/\/elpueblonoticia.com.ar\/web\/wp-json\/wp\/v2\/posts\/6641","targetHints":{"allow":["GET"]}}],"collection":[{"href":"https:\/\/elpueblonoticia.com.ar\/web\/wp-json\/wp\/v2\/posts"}],"about":[{"href":"https:\/\/elpueblonoticia.com.ar\/web\/wp-json\/wp\/v2\/types\/post"}],"author":[{"embeddable":true,"href":"https:\/\/elpueblonoticia.com.ar\/web\/wp-json\/wp\/v2\/users\/2"}],"replies":[{"embeddable":true,"href":"https:\/\/elpueblonoticia.com.ar\/web\/wp-json\/wp\/v2\/comments?post=6641"}],"version-history":[{"count":1,"href":"https:\/\/elpueblonoticia.com.ar\/web\/wp-json\/wp\/v2\/posts\/6641\/revisions"}],"predecessor-version":[{"id":6643,"href":"https:\/\/elpueblonoticia.com.ar\/web\/wp-json\/wp\/v2\/posts\/6641\/revisions\/6643"}],"wp:featuredmedia":[{"embeddable":true,"href":"https:\/\/elpueblonoticia.com.ar\/web\/wp-json\/wp\/v2\/media\/6642"}],"wp:attachment":[{"href":"https:\/\/elpueblonoticia.com.ar\/web\/wp-json\/wp\/v2\/media?parent=6641"}],"wp:term":[{"taxonomy":"category","embeddable":true,"href":"https:\/\/elpueblonoticia.com.ar\/web\/wp-json\/wp\/v2\/categories?post=6641"},{"taxonomy":"post_tag","embeddable":true,"href":"https:\/\/elpueblonoticia.com.ar\/web\/wp-json\/wp\/v2\/tags?post=6641"}],"curies":[{"name":"wp","href":"https:\/\/api.w.org\/{rel}","templated":true}]}}