{"id":6633,"date":"2026-02-05T10:51:05","date_gmt":"2026-02-05T13:51:05","guid":{"rendered":"https:\/\/elpueblonoticia.com.ar\/web\/?p=6633"},"modified":"2026-02-05T10:51:05","modified_gmt":"2026-02-05T13:51:05","slug":"la-produccion-automotriz-sufrio-un-duro-golpe-en-enero-y-se-derrumbo-un-301-anual","status":"publish","type":"post","link":"https:\/\/elpueblonoticia.com.ar\/web\/2026\/02\/05\/la-produccion-automotriz-sufrio-un-duro-golpe-en-enero-y-se-derrumbo-un-301-anual\/","title":{"rendered":"La producci\u00f3n automotriz sufri\u00f3 un duro golpe en enero y se derrumb\u00f3 un 30,1% anual"},"content":{"rendered":"<p>En el primer mes del a\u00f1o, la fabricaci\u00f3n de veh\u00edculos cay\u00f3 a 20.998 unidades, lo que implic\u00f3 una baja del 20,7% respecto de diciembre, seg\u00fan datos de ADEFA, Tambi\u00e9n cedieron las exportaciones, aunque las ventas a concesionarios lograron sostenerse.<\/p>\n<p>La producci\u00f3n nacional de veh\u00edculos alcanz\u00f3 en enero las 20.998 unidades, lo que implic\u00f3 una ca\u00edda del 20,7% respecto de diciembre y un retroceso del 30,1% en comparaci\u00f3n con el mismo mes de 2025.<br \/>\nLa producci\u00f3n nacional de veh\u00edculos alcanz\u00f3 en enero las 20.998 unidades, lo que implic\u00f3 una ca\u00edda del 20,7% respecto de diciembre y un retroceso del 30,1% en comparaci\u00f3n con el mismo mes de 2025.<\/p>\n<p>La industria automotriz inici\u00f3 2026 con un marcado retroceso en la producci\u00f3n y las exportaciones, en un contexto de crisis sectorial atravesado por el freno de la actividad, la apertura de importaciones y un escenario internacional cada vez m\u00e1s desafiante. El desempe\u00f1o del primer mes del a\u00f1o estuvo condicionado por menos d\u00edas h\u00e1biles y por ajustes en las plantas para la incorporaci\u00f3n de nuevos modelos, seg\u00fan inform\u00f3 la Asociaci\u00f3n de Fabricantes de Automotores (ADEFA).<\/p>\n<p>La producci\u00f3n nacional de veh\u00edculos alcanz\u00f3 en enero las 20.998 unidades, lo que implic\u00f3 una ca\u00edda del 20,7% respecto de diciembre y un retroceso del 30,1% en comparaci\u00f3n con el mismo mes de 2025, cuando se hab\u00edan fabricado 30.058 unidades. Seg\u00fan explic\u00f3 ADEFA, el desempe\u00f1o estuvo atravesado por tres d\u00edas menos de actividad frente al mismo mes del a\u00f1o pasado, ya que varias terminales trasladaron a enero las paradas por vacaciones que antes se concentraban en diciembre.<\/p>\n","protected":false},"excerpt":{"rendered":"<p>En el primer mes del a\u00f1o, la fabricaci\u00f3n de veh\u00edculos cay\u00f3 a 20.998 unidades, lo que implic\u00f3 una baja del 20,7% respecto de diciembre, seg\u00fan datos de ADEFA, Tambi\u00e9n cedieron las exportaciones, aunque las ventas a concesionarios lograron sostenerse. La producci\u00f3n nacional de veh\u00edculos alcanz\u00f3 en enero las 20.998 unidades, lo que implic\u00f3 una ca\u00edda [&hellip;]<\/p>\n","protected":false},"author":2,"featured_media":6634,"comment_status":"open","ping_status":"open","sticky":false,"template":"","format":"standard","meta":{"footnotes":""},"categories":[65],"tags":[],"class_list":{"0":"post-6633","1":"post","2":"type-post","3":"status-publish","4":"format-standard","5":"has-post-thumbnail","7":"category-economia"},"_links":{"self":[{"href":"https:\/\/elpueblonoticia.com.ar\/web\/wp-json\/wp\/v2\/posts\/6633","targetHints":{"allow":["GET"]}}],"collection":[{"href":"https:\/\/elpueblonoticia.com.ar\/web\/wp-json\/wp\/v2\/posts"}],"about":[{"href":"https:\/\/elpueblonoticia.com.ar\/web\/wp-json\/wp\/v2\/types\/post"}],"author":[{"embeddable":true,"href":"https:\/\/elpueblonoticia.com.ar\/web\/wp-json\/wp\/v2\/users\/2"}],"replies":[{"embeddable":true,"href":"https:\/\/elpueblonoticia.com.ar\/web\/wp-json\/wp\/v2\/comments?post=6633"}],"version-history":[{"count":1,"href":"https:\/\/elpueblonoticia.com.ar\/web\/wp-json\/wp\/v2\/posts\/6633\/revisions"}],"predecessor-version":[{"id":6635,"href":"https:\/\/elpueblonoticia.com.ar\/web\/wp-json\/wp\/v2\/posts\/6633\/revisions\/6635"}],"wp:featuredmedia":[{"embeddable":true,"href":"https:\/\/elpueblonoticia.com.ar\/web\/wp-json\/wp\/v2\/media\/6634"}],"wp:attachment":[{"href":"https:\/\/elpueblonoticia.com.ar\/web\/wp-json\/wp\/v2\/media?parent=6633"}],"wp:term":[{"taxonomy":"category","embeddable":true,"href":"https:\/\/elpueblonoticia.com.ar\/web\/wp-json\/wp\/v2\/categories?post=6633"},{"taxonomy":"post_tag","embeddable":true,"href":"https:\/\/elpueblonoticia.com.ar\/web\/wp-json\/wp\/v2\/tags?post=6633"}],"curies":[{"name":"wp","href":"https:\/\/api.w.org\/{rel}","templated":true}]}}