{"id":6620,"date":"2026-02-05T10:24:40","date_gmt":"2026-02-05T13:24:40","guid":{"rendered":"https:\/\/elpueblonoticia.com.ar\/web\/?p=6620"},"modified":"2026-02-05T10:24:40","modified_gmt":"2026-02-05T13:24:40","slug":"instituto-oncologico-papa-francisco-con-un-centro-de-atencion-modelo-la-provincia-insto-a-la-prevencion-en-el-dia-mundial-contra-el-cancer","status":"publish","type":"post","link":"https:\/\/elpueblonoticia.com.ar\/web\/2026\/02\/05\/instituto-oncologico-papa-francisco-con-un-centro-de-atencion-modelo-la-provincia-insto-a-la-prevencion-en-el-dia-mundial-contra-el-cancer\/","title":{"rendered":"Instituto Oncol\u00f3gico &#8220;Papa Francisco&#8221;: con un centro de atenci\u00f3n modelo, la Provincia inst\u00f3 a la prevenci\u00f3n en el D\u00eda Mundial contra el C\u00e1ncer"},"content":{"rendered":"<div class=\"contenido\">\n<div id=\"modalIntrotext\">\n<div>Este 4 de febrero, se conmemora El D\u00eda Mundial contra el C\u00e1ncer, y en este marco, desde el Gobierno provincial se insta a generar conciencia, promoviendo la detecci\u00f3n temprana y acompa\u00f1ando a quienes transitan esta enfermedad. Cabe mencionar que Corrientes cuenta con el Instituto Oncol\u00f3gico &#8220;Papa Francisco&#8221;, pionero en la regi\u00f3n, con atenci\u00f3n integral y tecnolog\u00eda de \u00faltima generaci\u00f3n para el diagn\u00f3stico y tratamiento adecuados.<\/div>\n<\/div>\n<div id=\"modalFulltext\"><img decoding=\"async\" id=\"202602042112286562\" class=\"validImg controledImg\" src=\"https:\/\/www.powernoticias.com\/images\/202602042112286562\" name=\"img-202602042112286562\" \/>El apoyo emocional y el acompa\u00f1amiento de equipos de salud son fundamentales para cada paciente y su familia, ya que el c\u00e1ncer no se enfrenta en soledad.<\/p>\n<p>La prevenci\u00f3n tambi\u00e9n es cuidado<\/p>\n<p>Adoptar h\u00e1bitos saludables como una buena alimentaci\u00f3n, actividad f\u00edsica y evitar el tabaco puede reducir riesgos y fortalecer nuestra salud.<\/p>\n<p>En este D\u00eda Mundial contra el C\u00e1ncer, la Provincia renueva el compromiso de seguir trabajando por una comunidad m\u00e1s cuidada, informada y con acceso a servicios de calidad.<\/p>\n<p>Un centro de referencia regional<\/p>\n<p>Corrientes cuenta con el Instituto Oncol\u00f3gico &#8220;Papa Francisco&#8221;, pionero en la regi\u00f3n, con atenci\u00f3n integral y tecnolog\u00eda de \u00faltima generaci\u00f3n para el diagn\u00f3stico y tratamiento del C\u00e1ncer.<\/p>\n<p>Desde septiembre a la actualidad, en el mencionado centro se han registrado 4065 atenciones, 1641 consultas oncol\u00f3gicas, 116 pacientes y 1580 sesiones de quimioterapia.<\/p>\n<p>Adem\u00e1s, el instituto brinda asistencia en servicios como: Trabajo social, Cardiolog\u00eda, Nutrici\u00f3n, Cuidados paliativos, Psicooncolog\u00eda, Emergencias y Enfermer\u00eda, con un equipo de 12 profesionales, que acompa\u00f1an exclusivamente a residentes de la provincia de Corrientes.<\/p>\n<p>En esta fecha significativa, la Provincia reafirma su compromiso de seguir trabajando por una comunidad m\u00e1s informada, cuidada y con acceso equitativo a servicios de salud de calidad, promoviendo pol\u00edticas p\u00fablicas orientadas a la prevenci\u00f3n, la detecci\u00f3n temprana y el tratamiento oportuno del c\u00e1ncer.<\/p><\/div>\n<div>\n<div id=\"117986-4\"><\/div>\n<div id=\"117986-6\"><\/div>\n<div id=\"117986-3\"><\/div>\n<\/div>\n<\/div>\n<div class=\"modalRedes\"><\/div>\n","protected":false},"excerpt":{"rendered":"<p>Este 4 de febrero, se conmemora El D\u00eda Mundial contra el C\u00e1ncer, y en este marco, desde el Gobierno provincial se insta a generar conciencia, promoviendo la detecci\u00f3n temprana y acompa\u00f1ando a quienes transitan esta enfermedad. Cabe mencionar que Corrientes cuenta con el Instituto Oncol\u00f3gico &#8220;Papa Francisco&#8221;, pionero en la regi\u00f3n, con atenci\u00f3n integral y [&hellip;]<\/p>\n","protected":false},"author":2,"featured_media":6622,"comment_status":"open","ping_status":"open","sticky":false,"template":"","format":"standard","meta":{"footnotes":""},"categories":[78],"tags":[],"class_list":{"0":"post-6620","1":"post","2":"type-post","3":"status-publish","4":"format-standard","5":"has-post-thumbnail","7":"category-generales"},"_links":{"self":[{"href":"https:\/\/elpueblonoticia.com.ar\/web\/wp-json\/wp\/v2\/posts\/6620","targetHints":{"allow":["GET"]}}],"collection":[{"href":"https:\/\/elpueblonoticia.com.ar\/web\/wp-json\/wp\/v2\/posts"}],"about":[{"href":"https:\/\/elpueblonoticia.com.ar\/web\/wp-json\/wp\/v2\/types\/post"}],"author":[{"embeddable":true,"href":"https:\/\/elpueblonoticia.com.ar\/web\/wp-json\/wp\/v2\/users\/2"}],"replies":[{"embeddable":true,"href":"https:\/\/elpueblonoticia.com.ar\/web\/wp-json\/wp\/v2\/comments?post=6620"}],"version-history":[{"count":1,"href":"https:\/\/elpueblonoticia.com.ar\/web\/wp-json\/wp\/v2\/posts\/6620\/revisions"}],"predecessor-version":[{"id":6623,"href":"https:\/\/elpueblonoticia.com.ar\/web\/wp-json\/wp\/v2\/posts\/6620\/revisions\/6623"}],"wp:featuredmedia":[{"embeddable":true,"href":"https:\/\/elpueblonoticia.com.ar\/web\/wp-json\/wp\/v2\/media\/6622"}],"wp:attachment":[{"href":"https:\/\/elpueblonoticia.com.ar\/web\/wp-json\/wp\/v2\/media?parent=6620"}],"wp:term":[{"taxonomy":"category","embeddable":true,"href":"https:\/\/elpueblonoticia.com.ar\/web\/wp-json\/wp\/v2\/categories?post=6620"},{"taxonomy":"post_tag","embeddable":true,"href":"https:\/\/elpueblonoticia.com.ar\/web\/wp-json\/wp\/v2\/tags?post=6620"}],"curies":[{"name":"wp","href":"https:\/\/api.w.org\/{rel}","templated":true}]}}