{"id":6617,"date":"2026-02-05T10:14:22","date_gmt":"2026-02-05T13:14:22","guid":{"rendered":"https:\/\/elpueblonoticia.com.ar\/web\/?p=6617"},"modified":"2026-02-05T10:15:42","modified_gmt":"2026-02-05T13:15:42","slug":"la-llamativa-iniciativa-animalera-de-virginia-gallardo","status":"publish","type":"post","link":"https:\/\/elpueblonoticia.com.ar\/web\/2026\/02\/05\/la-llamativa-iniciativa-animalera-de-virginia-gallardo\/","title":{"rendered":"La llamativa iniciativa \u00abanimalera\u00bb de Virginia Gallardo"},"content":{"rendered":"<p>La diputada nacional por La Libertad Avanza, Virginia Gallardo, dio a conocer a trav\u00e9s de su perfil de Instagram una iniciativa orientada al reciclaje de los materiales utilizados durante la \u00faltima campa\u00f1a legislativa. A trav\u00e9s de una publicaci\u00f3n en sus redes sociales, la funcionaria mostr\u00f3 c\u00f3mo los afiches y carteles de cart\u00f3n corrugado que promocionaban su candidatura est\u00e1n siendo transformados en refugios temporales para perros sin hogar.<\/p>\n<figure class=\"wp-block-video\"><video src=\"https:\/\/www.diarioellibertador.com.ar\/wp-content\/uploads\/2026\/02\/WhatsApp-Video-2026-02-04-at-18.31.23.mp4\" controls=\"controls\" width=\"300\" height=\"150\" data-mce-fragment=\"1\"><\/video><figcaption class=\"wp-element-caption\">El video que subi\u00f3 Gallardo a su Instagram<\/figcaption><\/figure>\n<p>Bajo la premisa de dar un nuevo uso a la folleter\u00eda pol\u00edtica, Gallardo explic\u00f3 que el proyecto busca abordar dos problem\u00e1ticas simult\u00e1neas: la limpieza del espacio p\u00fablico tras los comicios y la asistencia b\u00e1sica a los animales que habitan en la v\u00eda p\u00fablica.<\/p>\n<p>\u00abDe este modo, no solo limpiamos la ciudad, sino que tambi\u00e9n brindamos refugio y calor a los animalitos en situaci\u00f3n de calle\u00bb, expres\u00f3 la diputada en el texto que acompa\u00f1a las im\u00e1genes de los refugios. La legisladora reconoci\u00f3 las limitaciones del material, aclarando que si bien \u00abno es una soluci\u00f3n definitiva\u00bb, considera que \u00abcada peque\u00f1o gesto suma y transforma lo que ya no se utiliza en bienestar\u00bb.<\/p>\n<p>La acci\u00f3n consiste en el rearmado de las estructuras de cart\u00f3n para configurarlas como casillas, aprovechando la rigidez del material de campa\u00f1a. Seg\u00fan lo detallado en la publicaci\u00f3n, estas \u00abcuchas\u00bb son distribuidas en diversos puntos de la v\u00eda p\u00fablica para que los canes puedan resguardarse.<\/p>\n<p>Esta propuesta se alinea con los ejes que Gallardo mencion\u00f3 al asumir su banca en diciembre de 2025, donde anticip\u00f3 su intenci\u00f3n de legislar y trabajar en tem\u00e1ticas relacionadas con el cuidado animal y la gesti\u00f3n de residuos.<\/p>\n","protected":false},"excerpt":{"rendered":"<p>La diputada nacional por La Libertad Avanza, Virginia Gallardo, dio a conocer a trav\u00e9s de su perfil de Instagram una iniciativa orientada al reciclaje de los materiales utilizados durante la \u00faltima campa\u00f1a legislativa. A trav\u00e9s de una publicaci\u00f3n en sus redes sociales, la funcionaria mostr\u00f3 c\u00f3mo los afiches y carteles de cart\u00f3n corrugado que promocionaban [&hellip;]<\/p>\n","protected":false},"author":2,"featured_media":6621,"comment_status":"open","ping_status":"open","sticky":false,"template":"","format":"standard","meta":{"footnotes":""},"categories":[66],"tags":[],"class_list":{"0":"post-6617","1":"post","2":"type-post","3":"status-publish","4":"format-standard","5":"has-post-thumbnail","7":"category-politica-nacionales"},"_links":{"self":[{"href":"https:\/\/elpueblonoticia.com.ar\/web\/wp-json\/wp\/v2\/posts\/6617","targetHints":{"allow":["GET"]}}],"collection":[{"href":"https:\/\/elpueblonoticia.com.ar\/web\/wp-json\/wp\/v2\/posts"}],"about":[{"href":"https:\/\/elpueblonoticia.com.ar\/web\/wp-json\/wp\/v2\/types\/post"}],"author":[{"embeddable":true,"href":"https:\/\/elpueblonoticia.com.ar\/web\/wp-json\/wp\/v2\/users\/2"}],"replies":[{"embeddable":true,"href":"https:\/\/elpueblonoticia.com.ar\/web\/wp-json\/wp\/v2\/comments?post=6617"}],"version-history":[{"count":1,"href":"https:\/\/elpueblonoticia.com.ar\/web\/wp-json\/wp\/v2\/posts\/6617\/revisions"}],"predecessor-version":[{"id":6618,"href":"https:\/\/elpueblonoticia.com.ar\/web\/wp-json\/wp\/v2\/posts\/6617\/revisions\/6618"}],"wp:featuredmedia":[{"embeddable":true,"href":"https:\/\/elpueblonoticia.com.ar\/web\/wp-json\/wp\/v2\/media\/6621"}],"wp:attachment":[{"href":"https:\/\/elpueblonoticia.com.ar\/web\/wp-json\/wp\/v2\/media?parent=6617"}],"wp:term":[{"taxonomy":"category","embeddable":true,"href":"https:\/\/elpueblonoticia.com.ar\/web\/wp-json\/wp\/v2\/categories?post=6617"},{"taxonomy":"post_tag","embeddable":true,"href":"https:\/\/elpueblonoticia.com.ar\/web\/wp-json\/wp\/v2\/tags?post=6617"}],"curies":[{"name":"wp","href":"https:\/\/api.w.org\/{rel}","templated":true}]}}