{"id":6606,"date":"2026-02-05T09:26:53","date_gmt":"2026-02-05T12:26:53","guid":{"rendered":"https:\/\/elpueblonoticia.com.ar\/web\/?p=6606"},"modified":"2026-02-05T09:26:53","modified_gmt":"2026-02-05T12:26:53","slug":"virginia-gallardo-en-el-centro-de-la-polemica-por-una-accion-solidaria","status":"publish","type":"post","link":"https:\/\/elpueblonoticia.com.ar\/web\/2026\/02\/05\/virginia-gallardo-en-el-centro-de-la-polemica-por-una-accion-solidaria\/","title":{"rendered":"Virginia Gallardo, en el centro de la pol\u00e9mica por una acci\u00f3n solidaria"},"content":{"rendered":"<p><strong>A trav\u00e9s de sus redes sociales, Virginia Gallardo, diputada nacional, comparti\u00f3 en las \u00faltimas horas una iniciativa destinada a brindar refugio a perros\u00a0en situaci\u00f3n de calle en Corrientes, su provincia de origen, pero el contenido gener\u00f3 un aluvi\u00f3n de cuestionamientos.<\/strong><\/p>\n<p>&nbsp;<\/p>\n<section class=\"detail-body second-paragraph\">\n<section class=\"body-content note-body content-protected-false\">En el video que public\u00f3, se la ve construyendo cuchas con cart\u00f3n reciclado, una idea que, seg\u00fan explic\u00f3, tom\u00f3 de una experiencia realizada en Salta por la senadora libertaria Mar\u00eda Emilia Orozco junto a militantes j\u00f3venes. \u201c<strong>Reciclamos los carteles de campa\u00f1a para darles una nueva vida\u201d,<\/strong>\u00a0escribi\u00f3 Gallardo al acompa\u00f1ar las im\u00e1genes, donde se observa que los refugios fueron armados con afiches pol\u00edticos que inclu\u00edan su propio rostro. Adem\u00e1s, aclar\u00f3 que la\u00a0<strong>iniciativa buscaba no solo proteger a los animales del fr\u00edo, sino tambi\u00e9n reutilizar materiales abandonados<\/strong>\u00a0tras el proceso electoral y contribuir a la limpieza del espacio p\u00fablico.<\/p>\n<p>Sin embargo, lejos de recibir apoyo un\u00e1nime, la propuesta fue duramente criticada por numerosos usuarios, que la acusaron de utilizar una causa sensible con fines de autopromoci\u00f3n. Uno de los mensajes que m\u00e1s repercusi\u00f3n tuvo fue lapidario:\u00a0<strong>\u201cEl bien se hace, no se presume. Cuando hay c\u00e1maras de por medio, deja de ser caridad para convertirse en publicidad\u201d.<\/strong><\/p>\n<p>Tambi\u00e9n hubo cuestionamientos sobre la utilidad real de las cuchas frente a las condiciones clim\u00e1ticas.\u00a0<strong>\u201cCreo que a la reina de la sand\u00eda no estar\u00eda analizando correctamente qu\u00e9 pasa con el cart\u00f3n y la lluvia\u201d,\u00a0<\/strong>ironiz\u00f3 un usuario, mientras otros sumaron comentarios como \u201cDe cart\u00f3n no duran\u201d y \u201c<strong>Llueve, se queda sin casa el animalito, como tu pensamiento escaso de raz\u00f3n\u201d.\u00a0<\/strong>De este modo, una acci\u00f3n pensada para ayudar termin\u00f3 abriendo un intenso debate en redes.<\/p>\n<p>Mientras algunos defendieron la intenci\u00f3n solidaria y destacaron la reutilizaci\u00f3n de materiales como un primer paso para visibilizar el problema de los animales abandonados, otros insistieron en que este tipo de acciones requieren soluciones m\u00e1s duraderas y menos exposici\u00f3n personal.<\/p>\n<\/section>\n<\/section>\n","protected":false},"excerpt":{"rendered":"<p>A trav\u00e9s de sus redes sociales, Virginia Gallardo, diputada nacional, comparti\u00f3 en las \u00faltimas horas una iniciativa destinada a brindar refugio a perros\u00a0en situaci\u00f3n de calle en Corrientes, su provincia de origen, pero el contenido gener\u00f3 un aluvi\u00f3n de cuestionamientos. &nbsp; En el video que public\u00f3, se la ve construyendo cuchas con cart\u00f3n reciclado, una [&hellip;]<\/p>\n","protected":false},"author":2,"featured_media":6610,"comment_status":"open","ping_status":"open","sticky":false,"template":"","format":"standard","meta":{"footnotes":""},"categories":[66],"tags":[],"class_list":{"0":"post-6606","1":"post","2":"type-post","3":"status-publish","4":"format-standard","5":"has-post-thumbnail","7":"category-politica-nacionales"},"_links":{"self":[{"href":"https:\/\/elpueblonoticia.com.ar\/web\/wp-json\/wp\/v2\/posts\/6606","targetHints":{"allow":["GET"]}}],"collection":[{"href":"https:\/\/elpueblonoticia.com.ar\/web\/wp-json\/wp\/v2\/posts"}],"about":[{"href":"https:\/\/elpueblonoticia.com.ar\/web\/wp-json\/wp\/v2\/types\/post"}],"author":[{"embeddable":true,"href":"https:\/\/elpueblonoticia.com.ar\/web\/wp-json\/wp\/v2\/users\/2"}],"replies":[{"embeddable":true,"href":"https:\/\/elpueblonoticia.com.ar\/web\/wp-json\/wp\/v2\/comments?post=6606"}],"version-history":[{"count":1,"href":"https:\/\/elpueblonoticia.com.ar\/web\/wp-json\/wp\/v2\/posts\/6606\/revisions"}],"predecessor-version":[{"id":6611,"href":"https:\/\/elpueblonoticia.com.ar\/web\/wp-json\/wp\/v2\/posts\/6606\/revisions\/6611"}],"wp:featuredmedia":[{"embeddable":true,"href":"https:\/\/elpueblonoticia.com.ar\/web\/wp-json\/wp\/v2\/media\/6610"}],"wp:attachment":[{"href":"https:\/\/elpueblonoticia.com.ar\/web\/wp-json\/wp\/v2\/media?parent=6606"}],"wp:term":[{"taxonomy":"category","embeddable":true,"href":"https:\/\/elpueblonoticia.com.ar\/web\/wp-json\/wp\/v2\/categories?post=6606"},{"taxonomy":"post_tag","embeddable":true,"href":"https:\/\/elpueblonoticia.com.ar\/web\/wp-json\/wp\/v2\/tags?post=6606"}],"curies":[{"name":"wp","href":"https:\/\/api.w.org\/{rel}","templated":true}]}}