{"id":6598,"date":"2026-02-05T08:58:10","date_gmt":"2026-02-05T11:58:10","guid":{"rendered":"https:\/\/elpueblonoticia.com.ar\/web\/?p=6598"},"modified":"2026-02-05T08:58:10","modified_gmt":"2026-02-05T11:58:10","slug":"tres-mujeres-terminaron-heridas-tras-chocar-contra-caballos-sueltos-en-la-ruta-provincial-27","status":"publish","type":"post","link":"https:\/\/elpueblonoticia.com.ar\/web\/2026\/02\/05\/tres-mujeres-terminaron-heridas-tras-chocar-contra-caballos-sueltos-en-la-ruta-provincial-27\/","title":{"rendered":"Tres mujeres terminaron heridas tras chocar contra caballos sueltos en la Ruta Provincial 27"},"content":{"rendered":"<p><strong>En el veh\u00edculo viajaban Miriam Susana Fern\u00e1ndez (60), Mar\u00eda Susana (45) y una menor de edad, Ana Paula. Las tres sufrieron lesiones de distinta consideraci\u00f3n, aunque ninguna de gravedad, seg\u00fan informaron fuentes oficiales. Todas las ocupantes son oriundas de la ciudad de Goya. El hecho ocurri\u00f3 de madrugada cerca de Santa Luc\u00eda.\u00a0<\/strong><\/p>\n<p>&nbsp;<\/p>\n<p>El hecho se registr\u00f3 alrededor de las 4:50, cuando las v\u00edctimas, integrantes de una misma familia, circulaban a bordo de un Renault Kwid. Al llegar a la altura del kil\u00f3metro 88, se encontraron de manera imprevista con varios equinos atravesando la calzada, sin posibilidad de maniobrar para evitar el impacto.<\/p>\n<p>Como consecuencia del choque, cuatro caballos fueron embestidos, entre ellos dos potrillos de pocas semanas de vida, que murieron en el acto. Otros animales sufrieron lesiones de extrema gravedad. La Polic\u00eda inici\u00f3 actuaciones para determinar la propiedad de los equinos involucrados.<\/p>\n<p>En el lugar trabajaron efectivos de la Unidad Especial de Polic\u00eda Rural y Ecol\u00f3gica, Bomberos Voluntarios y personal sanitario, quienes asistieron y trasladaron a las v\u00edctimas para su evaluaci\u00f3n m\u00e9dica. El autom\u00f3vil termin\u00f3 en un zanj\u00f3n al costado de la ruta y sufri\u00f3 importantes da\u00f1os materiales. El due\u00f1o de los animales podr\u00eda afrontar cargos penales por no mantenerlos fuera de la v\u00eda p\u00fablica.<\/p>\n<p>FUENTE: LT7 NOTICIAS<\/p>\n","protected":false},"excerpt":{"rendered":"<p>En el veh\u00edculo viajaban Miriam Susana Fern\u00e1ndez (60), Mar\u00eda Susana (45) y una menor de edad, Ana Paula. Las tres sufrieron lesiones de distinta consideraci\u00f3n, aunque ninguna de gravedad, seg\u00fan informaron fuentes oficiales. Todas las ocupantes son oriundas de la ciudad de Goya. El hecho ocurri\u00f3 de madrugada cerca de Santa Luc\u00eda.\u00a0 &nbsp; El hecho [&hellip;]<\/p>\n","protected":false},"author":2,"featured_media":6599,"comment_status":"open","ping_status":"open","sticky":false,"template":"","format":"standard","meta":{"footnotes":""},"categories":[68],"tags":[],"class_list":{"0":"post-6598","1":"post","2":"type-post","3":"status-publish","4":"format-standard","5":"has-post-thumbnail","7":"category-policiales-nacionales"},"_links":{"self":[{"href":"https:\/\/elpueblonoticia.com.ar\/web\/wp-json\/wp\/v2\/posts\/6598","targetHints":{"allow":["GET"]}}],"collection":[{"href":"https:\/\/elpueblonoticia.com.ar\/web\/wp-json\/wp\/v2\/posts"}],"about":[{"href":"https:\/\/elpueblonoticia.com.ar\/web\/wp-json\/wp\/v2\/types\/post"}],"author":[{"embeddable":true,"href":"https:\/\/elpueblonoticia.com.ar\/web\/wp-json\/wp\/v2\/users\/2"}],"replies":[{"embeddable":true,"href":"https:\/\/elpueblonoticia.com.ar\/web\/wp-json\/wp\/v2\/comments?post=6598"}],"version-history":[{"count":1,"href":"https:\/\/elpueblonoticia.com.ar\/web\/wp-json\/wp\/v2\/posts\/6598\/revisions"}],"predecessor-version":[{"id":6600,"href":"https:\/\/elpueblonoticia.com.ar\/web\/wp-json\/wp\/v2\/posts\/6598\/revisions\/6600"}],"wp:featuredmedia":[{"embeddable":true,"href":"https:\/\/elpueblonoticia.com.ar\/web\/wp-json\/wp\/v2\/media\/6599"}],"wp:attachment":[{"href":"https:\/\/elpueblonoticia.com.ar\/web\/wp-json\/wp\/v2\/media?parent=6598"}],"wp:term":[{"taxonomy":"category","embeddable":true,"href":"https:\/\/elpueblonoticia.com.ar\/web\/wp-json\/wp\/v2\/categories?post=6598"},{"taxonomy":"post_tag","embeddable":true,"href":"https:\/\/elpueblonoticia.com.ar\/web\/wp-json\/wp\/v2\/tags?post=6598"}],"curies":[{"name":"wp","href":"https:\/\/api.w.org\/{rel}","templated":true}]}}