{"id":6589,"date":"2026-02-05T08:15:57","date_gmt":"2026-02-05T11:15:57","guid":{"rendered":"https:\/\/elpueblonoticia.com.ar\/web\/?p=6589"},"modified":"2026-02-05T08:15:57","modified_gmt":"2026-02-05T11:15:57","slug":"acuatlon-en-el-inga","status":"publish","type":"post","link":"https:\/\/elpueblonoticia.com.ar\/web\/2026\/02\/05\/acuatlon-en-el-inga\/","title":{"rendered":"ACUATL\u00d3N EN EL INGA"},"content":{"rendered":"<p class=\"x_MsoNormal\" data-olk-copy-source=\"MessageBody\">La Direcci\u00f3n de Deportes se encuentra abocada a la organizaci\u00f3n del Acuatl\u00f3n, un evento que promete reunir a atletas de diferentes puntos del pa\u00eds. &#8220;Para el Acuatl\u00f3n venimos con una linda cantidad de inscriptos. El \u00faltimo se hizo en el a\u00f1o 2023. Ahora, no pod\u00edamos desaprovechar y hacer el acuatl\u00f3n&#8221;, se\u00f1al\u00f3 Alejandro Lago, director de Deportes.<\/p>\n<p class=\"x_MsoNormal\">El evento se realizar\u00e1 el domingo 8 de febrero; contar\u00e1 con tres distancias: sprint, s\u00faper sprint y est\u00e1ndar, y servir\u00e1 como antesala para el triatl\u00f3n Ciudad de Goya, programado para el 8 de marzo. &#8220;Tenemos un cupo; la idea es poder hacer una linda competencia, teniendo en cuenta que es un deporte de disciplinas combinadas y que los atletas puedan empezar a practicar&#8221;, expres\u00f3 el director de Deportes.<\/p>\n<p class=\"x_MsoNormal\">La Costanera Norte, playa El Inga, ser\u00e1 nuevamente escenario para la actividad deportiva combinada, nataci\u00f3n y pedestrismo. La cita es el 8 de febrero, con la realizaci\u00f3n del 5\u00ba Acuatl\u00f3n.<\/p>\n<p class=\"x_MsoNormal\">Vale mencionar que el desaf\u00edo contempla las distancias competitivas y participativas.<\/p>\n<p class=\"x_MsoNormal\">Por otra parte, Alejandro Lago destac\u00f3 el trabajo de la escuela de aguas abiertas, que viene participando con excelentes resultados en diferentes competencias, y el entrenamiento que se est\u00e1 llevando a cabo con los alumnos y profesores para el Acuatl\u00f3n. &#8220;La escuela de aguas abiertas viene participando en el \u201caguas abiertas\u201d con excelentes resultados y con una linda cantidad de chicos y potenciales atletas. En lo que es el acuatl\u00f3n, venimos practicando con los diferentes alumnos y profesores que podr\u00e1n contar con esta competencia y hacerla de la mejor manera&#8221;, dijo Lago.<\/p>\n","protected":false},"excerpt":{"rendered":"<p>La Direcci\u00f3n de Deportes se encuentra abocada a la organizaci\u00f3n del Acuatl\u00f3n, un evento que promete reunir a atletas de diferentes puntos del pa\u00eds. &#8220;Para el Acuatl\u00f3n venimos con una linda cantidad de inscriptos. El \u00faltimo se hizo en el a\u00f1o 2023. Ahora, no pod\u00edamos desaprovechar y hacer el acuatl\u00f3n&#8221;, se\u00f1al\u00f3 Alejandro Lago, director de [&hellip;]<\/p>\n","protected":false},"author":2,"featured_media":6590,"comment_status":"open","ping_status":"open","sticky":false,"template":"","format":"standard","meta":{"footnotes":""},"categories":[56],"tags":[],"class_list":{"0":"post-6589","1":"post","2":"type-post","3":"status-publish","4":"format-standard","5":"has-post-thumbnail","7":"category-locales"},"_links":{"self":[{"href":"https:\/\/elpueblonoticia.com.ar\/web\/wp-json\/wp\/v2\/posts\/6589","targetHints":{"allow":["GET"]}}],"collection":[{"href":"https:\/\/elpueblonoticia.com.ar\/web\/wp-json\/wp\/v2\/posts"}],"about":[{"href":"https:\/\/elpueblonoticia.com.ar\/web\/wp-json\/wp\/v2\/types\/post"}],"author":[{"embeddable":true,"href":"https:\/\/elpueblonoticia.com.ar\/web\/wp-json\/wp\/v2\/users\/2"}],"replies":[{"embeddable":true,"href":"https:\/\/elpueblonoticia.com.ar\/web\/wp-json\/wp\/v2\/comments?post=6589"}],"version-history":[{"count":1,"href":"https:\/\/elpueblonoticia.com.ar\/web\/wp-json\/wp\/v2\/posts\/6589\/revisions"}],"predecessor-version":[{"id":6591,"href":"https:\/\/elpueblonoticia.com.ar\/web\/wp-json\/wp\/v2\/posts\/6589\/revisions\/6591"}],"wp:featuredmedia":[{"embeddable":true,"href":"https:\/\/elpueblonoticia.com.ar\/web\/wp-json\/wp\/v2\/media\/6590"}],"wp:attachment":[{"href":"https:\/\/elpueblonoticia.com.ar\/web\/wp-json\/wp\/v2\/media?parent=6589"}],"wp:term":[{"taxonomy":"category","embeddable":true,"href":"https:\/\/elpueblonoticia.com.ar\/web\/wp-json\/wp\/v2\/categories?post=6589"},{"taxonomy":"post_tag","embeddable":true,"href":"https:\/\/elpueblonoticia.com.ar\/web\/wp-json\/wp\/v2\/tags?post=6589"}],"curies":[{"name":"wp","href":"https:\/\/api.w.org\/{rel}","templated":true}]}}