{"id":6578,"date":"2026-02-05T07:46:47","date_gmt":"2026-02-05T10:46:47","guid":{"rendered":"https:\/\/elpueblonoticia.com.ar\/web\/?p=6578"},"modified":"2026-02-05T07:46:47","modified_gmt":"2026-02-05T10:46:47","slug":"direccion-de-transito-continua-tarea-concientizadora","status":"publish","type":"post","link":"https:\/\/elpueblonoticia.com.ar\/web\/2026\/02\/05\/direccion-de-transito-continua-tarea-concientizadora\/","title":{"rendered":"DIRECCI\u00d3N DE TR\u00c1NSITO CONTIN\u00daA TAREA CONCIENTIZADORA"},"content":{"rendered":"<p class=\"x_MsoNormal\"><span data-olk-copy-source=\"MessageBody\">Viernes 6 en Playa Inga\u00a0<\/span><\/p>\n<p class=\"x_MsoNormal\"><span data-olk-copy-source=\"MessageBody\">La Direcci\u00f3n de Tr\u00e1nsito de Goya sigue con su trabajo de concientizaci\u00f3n de la ciudadan\u00eda en la cuesti\u00f3n de la seguridad vial, con la asistencia de los m\u00f3viles incorporados recientemente. El objetivo es fortalecer la seguridad vial y fomentar una mayor cercan\u00eda con los ciudadanos. La iniciativa, que tuvo su primera jornada el pasado viernes, se repetir\u00e1 el pr\u00f3ximo viernes 6 de febrero, buscando maximizar su impacto durante la temporada de verano.<\/span><\/p>\n<p class=\"x_MsoNormal\">\n<p class=\"x_MsoNormal\">El director de Tr\u00e1nsito, Alejandro Stortti, destac\u00f3 la importancia de estas acciones preventivas, subray\u00f3 que el rol de la direcci\u00f3n que encabeza no se limita \u00fanicamente al control vehicular. &#8220;No solo somos personas que salimos a controlar los veh\u00edculos, sino que tambi\u00e9n tenemos esta tarea preventiva y de educaci\u00f3n a la ciudadan\u00eda&#8221;, afirm\u00f3 Stortti.<\/p>\n<p class=\"x_MsoNormal\">\n<p class=\"x_MsoNormal\">Durante la jornada, el equipo de Tr\u00e1nsito se apost\u00f3 en la playa desde las 19:30 hasta las 23:30 horas, ofreciendo informaci\u00f3n clave sobre el uso del casco y los procedimientos para obtener la licencia de conducir. Adem\u00e1s, se realiz\u00f3 un sorteo de dos cascos entre los presentes, incentivando el cumplimiento de las normas de tr\u00e1nsito.<\/p>\n<p class=\"x_MsoNormal\">\n<p class=\"x_MsoNormal\">La campa\u00f1a cont\u00f3 con la valiosa participaci\u00f3n de representantes de la organizaci\u00f3n Estrellas Amarillas, quienes compartieron sus experiencias y testimonios, sensibilizando a la comunidad sobre las consecuencias de los siniestros viales. &#8220;Con ellos venimos trabajando hace mucho tiempo; son personas predispuestas que han sufrido la p\u00e9rdida de un familiar en un siniestro vial&#8221;, explic\u00f3 Stortti. &#8220;Participan en las charlas de otorgamiento de la licencia de conducir, de acuerdo a la normativa de tr\u00e1nsito, y est\u00e1n presentes en cada tarea preventiva&#8221;.<\/p>\n<p class=\"x_MsoNormal\">\n<p class=\"x_MsoNormal\">Stortti resalt\u00f3 la importancia de la presencia de Viviana Canaparro, que lidera la organizaci\u00f3n Estrellas Amarillas en Goya. Con ella, junto a otras personas y el personal de Tr\u00e1nsito, se recorri\u00f3 la playa, convers\u00f3 con los visitantes y entreg\u00f3 n\u00fameros para el sorteo. &#8220;El recibimiento fue muy bueno y pensamos hacerlo este viernes. Mientras dure el verano y el movimiento en la playita seguiremos con esta campa\u00f1a de acercarnos a la gente y estamos dispuestos a ayudarlos&#8221;, dijo Stortti.<\/p>\n<p class=\"x_MsoNormal\">&#8220;Comenzamos bastante temprano este a\u00f1o con la tarea preventiva que venimos realizando en las escuelas, concursos de educaci\u00f3n vial, etc. Ahora, con el Autom\u00f3vil Celta (recientemente acondicionado y ploteado), tendremos mayor margen de maniobrabilidad para movernos en diferentes lugares&#8221;, dijo Stortti.<\/p>\n","protected":false},"excerpt":{"rendered":"<p>Viernes 6 en Playa Inga\u00a0 La Direcci\u00f3n de Tr\u00e1nsito de Goya sigue con su trabajo de concientizaci\u00f3n de la ciudadan\u00eda en la cuesti\u00f3n de la seguridad vial, con la asistencia de los m\u00f3viles incorporados recientemente. El objetivo es fortalecer la seguridad vial y fomentar una mayor cercan\u00eda con los ciudadanos. La iniciativa, que tuvo su [&hellip;]<\/p>\n","protected":false},"author":2,"featured_media":6579,"comment_status":"open","ping_status":"open","sticky":false,"template":"","format":"standard","meta":{"footnotes":""},"categories":[56],"tags":[],"class_list":{"0":"post-6578","1":"post","2":"type-post","3":"status-publish","4":"format-standard","5":"has-post-thumbnail","7":"category-locales"},"_links":{"self":[{"href":"https:\/\/elpueblonoticia.com.ar\/web\/wp-json\/wp\/v2\/posts\/6578","targetHints":{"allow":["GET"]}}],"collection":[{"href":"https:\/\/elpueblonoticia.com.ar\/web\/wp-json\/wp\/v2\/posts"}],"about":[{"href":"https:\/\/elpueblonoticia.com.ar\/web\/wp-json\/wp\/v2\/types\/post"}],"author":[{"embeddable":true,"href":"https:\/\/elpueblonoticia.com.ar\/web\/wp-json\/wp\/v2\/users\/2"}],"replies":[{"embeddable":true,"href":"https:\/\/elpueblonoticia.com.ar\/web\/wp-json\/wp\/v2\/comments?post=6578"}],"version-history":[{"count":1,"href":"https:\/\/elpueblonoticia.com.ar\/web\/wp-json\/wp\/v2\/posts\/6578\/revisions"}],"predecessor-version":[{"id":6580,"href":"https:\/\/elpueblonoticia.com.ar\/web\/wp-json\/wp\/v2\/posts\/6578\/revisions\/6580"}],"wp:featuredmedia":[{"embeddable":true,"href":"https:\/\/elpueblonoticia.com.ar\/web\/wp-json\/wp\/v2\/media\/6579"}],"wp:attachment":[{"href":"https:\/\/elpueblonoticia.com.ar\/web\/wp-json\/wp\/v2\/media?parent=6578"}],"wp:term":[{"taxonomy":"category","embeddable":true,"href":"https:\/\/elpueblonoticia.com.ar\/web\/wp-json\/wp\/v2\/categories?post=6578"},{"taxonomy":"post_tag","embeddable":true,"href":"https:\/\/elpueblonoticia.com.ar\/web\/wp-json\/wp\/v2\/tags?post=6578"}],"curies":[{"name":"wp","href":"https:\/\/api.w.org\/{rel}","templated":true}]}}