{"id":6572,"date":"2026-02-05T07:21:57","date_gmt":"2026-02-05T10:21:57","guid":{"rendered":"https:\/\/elpueblonoticia.com.ar\/web\/?p=6572"},"modified":"2026-02-05T07:21:57","modified_gmt":"2026-02-05T10:21:57","slug":"comunicado-de-invico-para-evitar-estafas","status":"publish","type":"post","link":"https:\/\/elpueblonoticia.com.ar\/web\/2026\/02\/05\/comunicado-de-invico-para-evitar-estafas\/","title":{"rendered":"COMUNICADO DE INVICO PARA EVITAR ESTAFAS"},"content":{"rendered":"<p data-olk-copy-source=\"MessageBody\"><img loading=\"lazy\" decoding=\"async\" class=\"alignnone  wp-image-6574\" src=\"https:\/\/elpueblonoticia.com.ar\/web\/wp-content\/uploads\/2026\/02\/WhatsApp-Image-2026-02-04-at-14.27.05-240x300.jpeg\" alt=\"\" width=\"684\" height=\"855\" srcset=\"https:\/\/elpueblonoticia.com.ar\/web\/wp-content\/uploads\/2026\/02\/WhatsApp-Image-2026-02-04-at-14.27.05-240x300.jpeg 240w, https:\/\/elpueblonoticia.com.ar\/web\/wp-content\/uploads\/2026\/02\/WhatsApp-Image-2026-02-04-at-14.27.05-819x1024.jpeg 819w, https:\/\/elpueblonoticia.com.ar\/web\/wp-content\/uploads\/2026\/02\/WhatsApp-Image-2026-02-04-at-14.27.05-768x960.jpeg 768w, https:\/\/elpueblonoticia.com.ar\/web\/wp-content\/uploads\/2026\/02\/WhatsApp-Image-2026-02-04-at-14.27.05-336x420.jpeg 336w, https:\/\/elpueblonoticia.com.ar\/web\/wp-content\/uploads\/2026\/02\/WhatsApp-Image-2026-02-04-at-14.27.05-696x870.jpeg 696w, https:\/\/elpueblonoticia.com.ar\/web\/wp-content\/uploads\/2026\/02\/WhatsApp-Image-2026-02-04-at-14.27.05-1068x1335.jpeg 1068w, https:\/\/elpueblonoticia.com.ar\/web\/wp-content\/uploads\/2026\/02\/WhatsApp-Image-2026-02-04-at-14.27.05.jpeg 1080w\" sizes=\"auto, (max-width: 684px) 100vw, 684px\" \/><\/p>\n<p class=\"x_MsoNormal\" data-olk-copy-source=\"MessageBody\">El Instituto de Vivienda de Corrientes (INVICO) emiti\u00f3 un importante comunicado dirigido a la comunidad con el objetivo de prevenir estafas y aclarar que no cuenta con gestores, intermediarios ni representantes externos para la realizaci\u00f3n de ning\u00fan tipo de tr\u00e1mite. Desde el organismo provincial remarcan que todas las gestiones son personales, gratuitas y se realizan \u00fanicamente a trav\u00e9s de las v\u00edas oficiales.<\/p>\n<p class=\"x_MsoNormal\">Ante cualquier duda o consulta, INVICO recomienda acercarse directamente a sus oficinas, donde el personal autorizado brinda atenci\u00f3n y asesoramiento correspondiente. En la ciudad de Corrientes Capital, las sedes funcionan en calle San Juan N\u00b0 460 y San Mart\u00edn N\u00b0 990, mientras que en Goya la delegaci\u00f3n se encuentra ubicada en Juan Esteban Mart\u00ednez N\u00b0 94.<\/p>\n<p class=\"x_MsoNormal\">Asimismo, el organismo recuerda a los ciudadanos que toda la informaci\u00f3n oficial se difunde exclusivamente a trav\u00e9s de sus redes sociales verificadas en Facebook, Instagram, X, YouTube y TikTok, adem\u00e1s de su sitio web institucional\u00a0<a title=\"http:\/\/www.invico.gov.ar\" href=\"http:\/\/www.invico.gov.ar\/\" data-auth=\"NotApplicable\" data-linkindex=\"0\">www.invico.gov.ar<\/a>, evitando as\u00ed caer en enga\u00f1os o publicaciones falsas.<\/p>\n<p class=\"x_MsoNormal\" aria-hidden=\"true\">\n<p class=\"x_MsoNormal\">Tr\u00e1mites que se realizan en la delegaci\u00f3n de INVICO<\/p>\n<p class=\"x_MsoNormal\" aria-hidden=\"true\">\n<p class=\"x_MsoNormal\">Desde la instituci\u00f3n detallaron que en las delegaciones oficiales se pueden llevar adelante, entre otros, los siguientes tr\u00e1mites:<\/p>\n<p class=\"x_MsoNormal\" aria-hidden=\"true\">\n<p class=\"x_gmail-MsoListParagraphCxSpFirst\">\u00b7\u00a0\u00a0\u00a0\u00a0\u00a0\u00a0\u00a0\u00a0\u00a0Inscripci\u00f3n y actualizaci\u00f3n ANUALMENTE.<\/p>\n<p class=\"x_gmail-MsoListParagraphCxSpMiddle\">\u00b7\u00a0\u00a0\u00a0\u00a0\u00a0\u00a0\u00a0\u00a0\u00a0Planes de pago, refinanciaciones y consulta del estado de deuda.<\/p>\n<p class=\"x_gmail-MsoListParagraphCxSpMiddle\">\u00b7\u00a0\u00a0\u00a0\u00a0\u00a0\u00a0\u00a0\u00a0\u00a0Consulta y seguimiento de expedientes.<\/p>\n<p class=\"x_gmail-MsoListParagraphCxSpMiddle\">\u00b7\u00a0\u00a0\u00a0\u00a0\u00a0\u00a0\u00a0\u00a0\u00a0Inicio de tr\u00e1mites como cancelaciones, levantamiento de hipoteca, regularizaciones, etc.<\/p>\n<p class=\"x_gmail-MsoListParagraphCxSpLast\">\u00b7\u00a0\u00a0\u00a0\u00a0\u00a0\u00a0\u00a0\u00a0\u00a0Adhesi\u00f3n al d\u00e9bito autom\u00e1tico.<\/p>\n<p class=\"x_MsoNormal\" aria-hidden=\"true\">\n<p class=\"x_MsoNormal\">Para una atenci\u00f3n m\u00e1s directa, INVICO tambi\u00e9n puso a disposici\u00f3n los n\u00fameros telef\u00f3nicos 3777-430955 y 3794-927156, donde se puede realizar consultas de lunes a viernes, en el horario de 7:00 a 13:00 horas.<\/p>\n<p class=\"x_MsoNormal\">Finalmente, desde el organismo reiteraron el llamado a la precauci\u00f3n, recordando que ninguna persona ajena a INVICO est\u00e1 habilitada para cobrar o gestionar tr\u00e1mites, e instaron a la ciudadan\u00eda a informarse siempre por los canales oficiales para resguardar sus derechos y evitar posibles estafas.<\/p>\n","protected":false},"excerpt":{"rendered":"<p>El Instituto de Vivienda de Corrientes (INVICO) emiti\u00f3 un importante comunicado dirigido a la comunidad con el objetivo de prevenir estafas y aclarar que no cuenta con gestores, intermediarios ni representantes externos para la realizaci\u00f3n de ning\u00fan tipo de tr\u00e1mite. Desde el organismo provincial remarcan que todas las gestiones son personales, gratuitas y se realizan [&hellip;]<\/p>\n","protected":false},"author":2,"featured_media":6573,"comment_status":"open","ping_status":"open","sticky":false,"template":"","format":"standard","meta":{"footnotes":""},"categories":[56],"tags":[],"class_list":{"0":"post-6572","1":"post","2":"type-post","3":"status-publish","4":"format-standard","5":"has-post-thumbnail","7":"category-locales"},"_links":{"self":[{"href":"https:\/\/elpueblonoticia.com.ar\/web\/wp-json\/wp\/v2\/posts\/6572","targetHints":{"allow":["GET"]}}],"collection":[{"href":"https:\/\/elpueblonoticia.com.ar\/web\/wp-json\/wp\/v2\/posts"}],"about":[{"href":"https:\/\/elpueblonoticia.com.ar\/web\/wp-json\/wp\/v2\/types\/post"}],"author":[{"embeddable":true,"href":"https:\/\/elpueblonoticia.com.ar\/web\/wp-json\/wp\/v2\/users\/2"}],"replies":[{"embeddable":true,"href":"https:\/\/elpueblonoticia.com.ar\/web\/wp-json\/wp\/v2\/comments?post=6572"}],"version-history":[{"count":1,"href":"https:\/\/elpueblonoticia.com.ar\/web\/wp-json\/wp\/v2\/posts\/6572\/revisions"}],"predecessor-version":[{"id":6575,"href":"https:\/\/elpueblonoticia.com.ar\/web\/wp-json\/wp\/v2\/posts\/6572\/revisions\/6575"}],"wp:featuredmedia":[{"embeddable":true,"href":"https:\/\/elpueblonoticia.com.ar\/web\/wp-json\/wp\/v2\/media\/6573"}],"wp:attachment":[{"href":"https:\/\/elpueblonoticia.com.ar\/web\/wp-json\/wp\/v2\/media?parent=6572"}],"wp:term":[{"taxonomy":"category","embeddable":true,"href":"https:\/\/elpueblonoticia.com.ar\/web\/wp-json\/wp\/v2\/categories?post=6572"},{"taxonomy":"post_tag","embeddable":true,"href":"https:\/\/elpueblonoticia.com.ar\/web\/wp-json\/wp\/v2\/tags?post=6572"}],"curies":[{"name":"wp","href":"https:\/\/api.w.org\/{rel}","templated":true}]}}