{"id":6562,"date":"2026-02-04T12:17:27","date_gmt":"2026-02-04T15:17:27","guid":{"rendered":"https:\/\/elpueblonoticia.com.ar\/web\/?p=6562"},"modified":"2026-02-04T12:34:11","modified_gmt":"2026-02-04T15:34:11","slug":"macarena-perrotta-mejor-anunciadora-del-carnaval-de-goya","status":"publish","type":"post","link":"https:\/\/elpueblonoticia.com.ar\/web\/2026\/02\/04\/macarena-perrotta-mejor-anunciadora-del-carnaval-de-goya\/","title":{"rendered":"MACARENA PERROTTA MEJOR ANUNCIADORA DEL CARNAVAL DE GOYA"},"content":{"rendered":"<p class=\"x_MsoNormal\" data-olk-copy-source=\"MessageBody\">En los Carnavales Goyanos 2026, Macarena Perrotta obtuvo el reconocimiento como Anunciadora de los carnavales 2026, destac\u00e1ndose por su caracterizaci\u00f3n y despliegue art\u00edstico en el Cors\u00f3dromo Costa Surub\u00ed, como una de las figuras de Ita Ver\u00e1.<\/p>\n<p class=\"x_MsoNormal\">Macarena personific\u00f3 a Cleopatra, la legendaria reina de Egipto. Luci\u00f3 un traje \u00fanico que incluy\u00f3 un imponente tocado y detalles ornamentales que &#8220;dejaron en shock&#8221;, por el nivel de confecci\u00f3n y originalidad.<\/p>\n<p class=\"x_MsoNormal\">Para la edici\u00f3n 2026, It\u00e1 Ver\u00e1 present\u00f3 el tema &#8220;Imperia: Una piedra brillante ilumina a las grandes civilizaciones&#8221;. Esta propuesta busc\u00f3 resumir la fuerza de los pueblos antiguos que permitieron el avance y la construcci\u00f3n de la humanidad a trav\u00e9s del tiempo.<\/p>\n<p class=\"x_MsoNormal\">Macarena es una figura emblem\u00e1tica de la agrupaci\u00f3n, habiendo sido previamente Reina de It\u00e1 Ver\u00e1 en 2018 y participando activamente en el desarrollo creativo de la comparsa como profesora superior de danzas cl\u00e1sicas.<\/p>\n<p class=\"x_MsoNormal\" aria-hidden=\"true\">\n<p class=\"x_MsoNormal\">\n","protected":false},"excerpt":{"rendered":"<p>En los Carnavales Goyanos 2026, Macarena Perrotta obtuvo el reconocimiento como Anunciadora de los carnavales 2026, destac\u00e1ndose por su caracterizaci\u00f3n y despliegue art\u00edstico en el Cors\u00f3dromo Costa Surub\u00ed, como una de las figuras de Ita Ver\u00e1. Macarena personific\u00f3 a Cleopatra, la legendaria reina de Egipto. Luci\u00f3 un traje \u00fanico que incluy\u00f3 un imponente tocado y [&hellip;]<\/p>\n","protected":false},"author":2,"featured_media":6563,"comment_status":"open","ping_status":"open","sticky":false,"template":"","format":"standard","meta":{"footnotes":""},"categories":[56],"tags":[],"class_list":{"0":"post-6562","1":"post","2":"type-post","3":"status-publish","4":"format-standard","5":"has-post-thumbnail","7":"category-locales"},"_links":{"self":[{"href":"https:\/\/elpueblonoticia.com.ar\/web\/wp-json\/wp\/v2\/posts\/6562","targetHints":{"allow":["GET"]}}],"collection":[{"href":"https:\/\/elpueblonoticia.com.ar\/web\/wp-json\/wp\/v2\/posts"}],"about":[{"href":"https:\/\/elpueblonoticia.com.ar\/web\/wp-json\/wp\/v2\/types\/post"}],"author":[{"embeddable":true,"href":"https:\/\/elpueblonoticia.com.ar\/web\/wp-json\/wp\/v2\/users\/2"}],"replies":[{"embeddable":true,"href":"https:\/\/elpueblonoticia.com.ar\/web\/wp-json\/wp\/v2\/comments?post=6562"}],"version-history":[{"count":2,"href":"https:\/\/elpueblonoticia.com.ar\/web\/wp-json\/wp\/v2\/posts\/6562\/revisions"}],"predecessor-version":[{"id":6571,"href":"https:\/\/elpueblonoticia.com.ar\/web\/wp-json\/wp\/v2\/posts\/6562\/revisions\/6571"}],"wp:featuredmedia":[{"embeddable":true,"href":"https:\/\/elpueblonoticia.com.ar\/web\/wp-json\/wp\/v2\/media\/6563"}],"wp:attachment":[{"href":"https:\/\/elpueblonoticia.com.ar\/web\/wp-json\/wp\/v2\/media?parent=6562"}],"wp:term":[{"taxonomy":"category","embeddable":true,"href":"https:\/\/elpueblonoticia.com.ar\/web\/wp-json\/wp\/v2\/categories?post=6562"},{"taxonomy":"post_tag","embeddable":true,"href":"https:\/\/elpueblonoticia.com.ar\/web\/wp-json\/wp\/v2\/tags?post=6562"}],"curies":[{"name":"wp","href":"https:\/\/api.w.org\/{rel}","templated":true}]}}