{"id":6554,"date":"2026-02-04T11:59:37","date_gmt":"2026-02-04T14:59:37","guid":{"rendered":"https:\/\/elpueblonoticia.com.ar\/web\/?p=6554"},"modified":"2026-02-04T11:59:37","modified_gmt":"2026-02-04T14:59:37","slug":"el-consumo-crecio-25-en-2025-aunque-el-cierre-del-ano-encendio-alertas","status":"publish","type":"post","link":"https:\/\/elpueblonoticia.com.ar\/web\/2026\/02\/04\/el-consumo-crecio-25-en-2025-aunque-el-cierre-del-ano-encendio-alertas\/","title":{"rendered":"El consumo creci\u00f3 2,5 % en 2025, aunque el cierre del a\u00f1o encendi\u00f3 alertas"},"content":{"rendered":"<div>\n<p>El Indicador de Consumo de la CAC subi\u00f3 2,5 % anual, pero noviembre y diciembre mostraron ca\u00eddas interanuales.<\/p>\n<p>En el primer trimestre las variaciones interanuales fueron positivas<\/p>\n<p>El consumo de los hogares argentinos termin\u00f3 2025 con una suba acumulada de 2,5 % frente a 2024, seg\u00fan el Indicador de Consumo (IC) de la C\u00e1mara Argentina de Comercio y Servicios (CAC). Sin embargo, hacia el cierre del a\u00f1o se observ\u00f3 un giro en la tendencia: los \u00faltimos meses mostraron ca\u00eddas interanuales que encendieron se\u00f1ales de alerta sobre la din\u00e1mica del gasto en bienes y servicios. El informe detalla que diciembre registr\u00f3 una baja interanual del 1,4%, convirti\u00e9ndose en el segundo mes consecutivo con variaci\u00f3n negativa respecto del mismo mes del a\u00f1o previo. Aun as\u00ed, en la medici\u00f3n desestacionalizada el consumo subi\u00f3 1,2 % frente a noviembre, lo que refleja un comportamiento mixto seg\u00fan el enfoque de comparaci\u00f3n. La CAC explic\u00f3 que el resultado anual positivo se sostuvo, en parte, por la comparaci\u00f3n con un 2024 de consumo hist\u00f3ricamente bajo, mientras que la evoluci\u00f3n m\u00e1s reciente mostr\u00f3 desaceleraci\u00f3n.<\/p>\n<div class=\" large m_image\">\n<figure><picture><source srcset=\"https:\/\/www.nortecorrientes.com\/content\/bucket\/0\/391960w790h614c.jpg.webp\" type=\"image\/webp\" media=\"(min-width: 640px)\" \/><source srcset=\"https:\/\/www.nortecorrientes.com\/content\/bucket\/0\/391960w440h342c.jpg.webp\" type=\"image\/webp\" media=\"(min-width: 300px)\" \/><source srcset=\"https:\/\/www.nortecorrientes.com\/content\/bucket\/0\/391960w790h614c.jpg\" media=\"(min-width: 300px)\" \/><img loading=\"lazy\" decoding=\"async\" class=\"pic\" src=\"https:\/\/www.nortecorrientes.com\/content\/bucket\/0\/391960w790h614c.jpg.webp\" alt=\"\" width=\"790\" height=\"614\" \/><\/picture><\/figure>\n<\/div>\n<p>Un a\u00f1o con avances irregulares<\/p>\n<p>Durante 2025, el IC tuvo un recorrido desigual, alternando meses de alzas y retrocesos. En el primer trimestre, las variaciones interanuales fueron positivas y permitieron acumular una mejora del 3,6 % interanual en esos tres meses, impulsada por la baja base de comparaci\u00f3n y una recuperaci\u00f3n gradual de algunos rubros.<\/p>\n<p>En el segundo trimestre, el indicador sigui\u00f3 en terreno positivo pero con se\u00f1ales de enfriamiento: abril subi\u00f3 4,5 %, mayo moder\u00f3 su avance a 1,5 %, y junio volvi\u00f3 a acelerarse con un crecimiento del 4% interanual. En el tercer trimestre se hicieron m\u00e1s visibles las se\u00f1ales de desaceleraci\u00f3n. Julio mostr\u00f3 un aumento interanual acotado del 1,1 % y una leve contracci\u00f3n desestacionalizada respecto de junio. En agosto se registr\u00f3 la primera ca\u00edda interanual del a\u00f1o (-0,5 %), y en septiembre el consumo volvi\u00f3 a crecer (+1,4 % interanual), aunque con baja en la comparaci\u00f3n mensual desestacionalizada.<\/p>\n<p>Deterioro en el \u00faltimo trimestre<\/p>\n<p>El \u00faltimo tramo del a\u00f1o consolid\u00f3 el deterioro. Octubre todav\u00eda mostr\u00f3 una suba interanual del 1,9 %, pero noviembre cay\u00f3 2,8 % y diciembre retrocedi\u00f3 1,4 %. As\u00ed, el a\u00f1o cerr\u00f3 con dos meses seguidos en negativo frente al a\u00f1o anterior. Por rubros, diciembre mostr\u00f3 desempe\u00f1os muy distintos: Indumentaria y calzado: suba interanual de 4,9 %, aportando 0,4 puntos porcentuales al \u00edndice general. Transporte y veh\u00edculos: ca\u00edda interanual de 2,8 %, con impacto negativo en el total. Recreaci\u00f3n y cultura: retroceso de 4,3 % interanual. Vivienda, alquileres y servicios p\u00fablicos: crecimiento estimado de 6,8 % interanual, con aporte positivo de 1 punto porcentual al \u00edndice.<\/p>\n<p>Cr\u00e9dito y se\u00f1ales de desaceleraci\u00f3n<\/p>\n<p>El informe tambi\u00e9n remarca un desempe\u00f1o d\u00e9bil de los bienes de consumo masivo, con ca\u00eddas tanto interanuales como mensuales desestacionalizadas hacia el final del a\u00f1o. En paralelo, el cr\u00e9dito a los hogares, que ven\u00eda expandi\u00e9ndose (especialmente v\u00eda tarjetas y pr\u00e9stamos personales), empez\u00f3 a mostrar menor dinamismo en el cierre de 2025, en l\u00ednea con la p\u00e9rdida de fuerza del consumo en el \u00faltimo bimestre. En s\u00edntesis, aunque el balance anual fue positivo, la combinaci\u00f3n de ca\u00eddas interanuales en noviembre y diciembre, un menor impulso del financiamiento y un contexto de precios con variaciones mensuales superiores al 2 % en diciembre dej\u00f3 dudas sobre la solidez de la recuperaci\u00f3n y marc\u00f3 un cierre de a\u00f1o con tendencia descendente del gasto de los hogares.<\/p>\n<\/div>\n","protected":false},"excerpt":{"rendered":"<p>El Indicador de Consumo de la CAC subi\u00f3 2,5 % anual, pero noviembre y diciembre mostraron ca\u00eddas interanuales. En el primer trimestre las variaciones interanuales fueron positivas El consumo de los hogares argentinos termin\u00f3 2025 con una suba acumulada de 2,5 % frente a 2024, seg\u00fan el Indicador de Consumo (IC) de la C\u00e1mara Argentina [&hellip;]<\/p>\n","protected":false},"author":2,"featured_media":6555,"comment_status":"open","ping_status":"open","sticky":false,"template":"","format":"standard","meta":{"footnotes":""},"categories":[65],"tags":[],"class_list":{"0":"post-6554","1":"post","2":"type-post","3":"status-publish","4":"format-standard","5":"has-post-thumbnail","7":"category-economia"},"_links":{"self":[{"href":"https:\/\/elpueblonoticia.com.ar\/web\/wp-json\/wp\/v2\/posts\/6554","targetHints":{"allow":["GET"]}}],"collection":[{"href":"https:\/\/elpueblonoticia.com.ar\/web\/wp-json\/wp\/v2\/posts"}],"about":[{"href":"https:\/\/elpueblonoticia.com.ar\/web\/wp-json\/wp\/v2\/types\/post"}],"author":[{"embeddable":true,"href":"https:\/\/elpueblonoticia.com.ar\/web\/wp-json\/wp\/v2\/users\/2"}],"replies":[{"embeddable":true,"href":"https:\/\/elpueblonoticia.com.ar\/web\/wp-json\/wp\/v2\/comments?post=6554"}],"version-history":[{"count":1,"href":"https:\/\/elpueblonoticia.com.ar\/web\/wp-json\/wp\/v2\/posts\/6554\/revisions"}],"predecessor-version":[{"id":6556,"href":"https:\/\/elpueblonoticia.com.ar\/web\/wp-json\/wp\/v2\/posts\/6554\/revisions\/6556"}],"wp:featuredmedia":[{"embeddable":true,"href":"https:\/\/elpueblonoticia.com.ar\/web\/wp-json\/wp\/v2\/media\/6555"}],"wp:attachment":[{"href":"https:\/\/elpueblonoticia.com.ar\/web\/wp-json\/wp\/v2\/media?parent=6554"}],"wp:term":[{"taxonomy":"category","embeddable":true,"href":"https:\/\/elpueblonoticia.com.ar\/web\/wp-json\/wp\/v2\/categories?post=6554"},{"taxonomy":"post_tag","embeddable":true,"href":"https:\/\/elpueblonoticia.com.ar\/web\/wp-json\/wp\/v2\/tags?post=6554"}],"curies":[{"name":"wp","href":"https:\/\/api.w.org\/{rel}","templated":true}]}}