{"id":6550,"date":"2026-02-04T11:45:47","date_gmt":"2026-02-04T14:45:47","guid":{"rendered":"https:\/\/elpueblonoticia.com.ar\/web\/?p=6550"},"modified":"2026-02-04T11:45:47","modified_gmt":"2026-02-04T14:45:47","slug":"carnavales-goyanos-2026-de-azul-se-viste-la-reina-de-comparsas","status":"publish","type":"post","link":"https:\/\/elpueblonoticia.com.ar\/web\/2026\/02\/04\/carnavales-goyanos-2026-de-azul-se-viste-la-reina-de-comparsas\/","title":{"rendered":"CARNAVALES GOYANOS 2026  :  DE AZUL SE VISTE LA REINA DE COMPARSAS"},"content":{"rendered":"<p class=\"x_MsoNormal\" data-olk-copy-source=\"MessageBody\">Trinidad Aquino, reina de Aymar\u00e1, llevar\u00e1 la corona de Reina de Comparsas. As\u00ed lo determin\u00f3 el jurado en una dif\u00edcil elecci\u00f3n.<\/p>\n<p class=\"x_MsoNormal\">Trinidad\u00a0Aquino,expres\u00f3:\u00a0\u201cYo\u00a0bailo\u00a0desde\u00a0hace\u00a0mucho\u00a0tiempo,\u00a0desde\u00a0peque\u00f1a\u00a0en\u00a0AYMARA,\u00a0es\u00a0algo\u00a0gratificante\u00a0cuando\u00a0me\u00a0solicitaron\u00a0ser\u00a0la\u00a0reina,\u00a0es\u00a0una\u00a0caricia,\u00a0con\u00a0el\u00a0tema\u00a0elegido\u00a0nos\u00a0encontramos\u00a0con\u00a0sensaciones\u00a0fuertes,\u00a0esto\u00a0de\u00a0estremecer,\u00a0sentir\u00a0la\u00a0respuesta\u00a0de\u00a0este\u00a0maravilloso\u00a0p\u00fablico,\u00a0es\u00a0contagiante,\u00a0desde\u00a0la\u00a0\u201ccarroza\u201d\u00a0me\u00a0prendo\u00a0con\u00a0nuestra\u00a0bater\u00eda\u00a0La\u00a0Din\u00e1mica,\u00a0sin\u00a0palabras.\u201d<\/p>\n<p class=\"x_MsoNormal\">Daniela Vallejos, de Poramba; Aldana Centuri\u00f3n, de Ita Vera; Sonia Alfonzo, de Arami, y Natali Garc\u00eda, de Tropical, reinas de sus respectivas comparsas, entraron en la consideraci\u00f3n. Sin embargo, la aymarasera logr\u00f3 imponerse al final.<\/p>\n<p class=\"x_MsoNormal\">Felicitamos a todas por el modo en que representaron a sus comparsas, y de modo especial a Trinidad Aquino, por el logro obtenido.<\/p>\n","protected":false},"excerpt":{"rendered":"<p>Trinidad Aquino, reina de Aymar\u00e1, llevar\u00e1 la corona de Reina de Comparsas. As\u00ed lo determin\u00f3 el jurado en una dif\u00edcil elecci\u00f3n. Trinidad\u00a0Aquino,expres\u00f3:\u00a0\u201cYo\u00a0bailo\u00a0desde\u00a0hace\u00a0mucho\u00a0tiempo,\u00a0desde\u00a0peque\u00f1a\u00a0en\u00a0AYMARA,\u00a0es\u00a0algo\u00a0gratificante\u00a0cuando\u00a0me\u00a0solicitaron\u00a0ser\u00a0la\u00a0reina,\u00a0es\u00a0una\u00a0caricia,\u00a0con\u00a0el\u00a0tema\u00a0elegido\u00a0nos\u00a0encontramos\u00a0con\u00a0sensaciones\u00a0fuertes,\u00a0esto\u00a0de\u00a0estremecer,\u00a0sentir\u00a0la\u00a0respuesta\u00a0de\u00a0este\u00a0maravilloso\u00a0p\u00fablico,\u00a0es\u00a0contagiante,\u00a0desde\u00a0la\u00a0\u201ccarroza\u201d\u00a0me\u00a0prendo\u00a0con\u00a0nuestra\u00a0bater\u00eda\u00a0La\u00a0Din\u00e1mica,\u00a0sin\u00a0palabras.\u201d Daniela Vallejos, de Poramba; Aldana Centuri\u00f3n, de Ita Vera; Sonia Alfonzo, de Arami, y Natali Garc\u00eda, de Tropical, reinas de sus respectivas comparsas, entraron en la consideraci\u00f3n. Sin embargo, la aymarasera logr\u00f3 imponerse [&hellip;]<\/p>\n","protected":false},"author":2,"featured_media":6551,"comment_status":"open","ping_status":"open","sticky":false,"template":"","format":"standard","meta":{"footnotes":""},"categories":[56],"tags":[],"class_list":{"0":"post-6550","1":"post","2":"type-post","3":"status-publish","4":"format-standard","5":"has-post-thumbnail","7":"category-locales"},"_links":{"self":[{"href":"https:\/\/elpueblonoticia.com.ar\/web\/wp-json\/wp\/v2\/posts\/6550","targetHints":{"allow":["GET"]}}],"collection":[{"href":"https:\/\/elpueblonoticia.com.ar\/web\/wp-json\/wp\/v2\/posts"}],"about":[{"href":"https:\/\/elpueblonoticia.com.ar\/web\/wp-json\/wp\/v2\/types\/post"}],"author":[{"embeddable":true,"href":"https:\/\/elpueblonoticia.com.ar\/web\/wp-json\/wp\/v2\/users\/2"}],"replies":[{"embeddable":true,"href":"https:\/\/elpueblonoticia.com.ar\/web\/wp-json\/wp\/v2\/comments?post=6550"}],"version-history":[{"count":1,"href":"https:\/\/elpueblonoticia.com.ar\/web\/wp-json\/wp\/v2\/posts\/6550\/revisions"}],"predecessor-version":[{"id":6552,"href":"https:\/\/elpueblonoticia.com.ar\/web\/wp-json\/wp\/v2\/posts\/6550\/revisions\/6552"}],"wp:featuredmedia":[{"embeddable":true,"href":"https:\/\/elpueblonoticia.com.ar\/web\/wp-json\/wp\/v2\/media\/6551"}],"wp:attachment":[{"href":"https:\/\/elpueblonoticia.com.ar\/web\/wp-json\/wp\/v2\/media?parent=6550"}],"wp:term":[{"taxonomy":"category","embeddable":true,"href":"https:\/\/elpueblonoticia.com.ar\/web\/wp-json\/wp\/v2\/categories?post=6550"},{"taxonomy":"post_tag","embeddable":true,"href":"https:\/\/elpueblonoticia.com.ar\/web\/wp-json\/wp\/v2\/tags?post=6550"}],"curies":[{"name":"wp","href":"https:\/\/api.w.org\/{rel}","templated":true}]}}