{"id":6542,"date":"2026-02-04T11:30:08","date_gmt":"2026-02-04T14:30:08","guid":{"rendered":"https:\/\/elpueblonoticia.com.ar\/web\/?p=6542"},"modified":"2026-02-04T11:30:08","modified_gmt":"2026-02-04T14:30:08","slug":"salud-publica-confirmo-el-primer-caso-de-dengue-del-2026-en-corrientes","status":"publish","type":"post","link":"https:\/\/elpueblonoticia.com.ar\/web\/2026\/02\/04\/salud-publica-confirmo-el-primer-caso-de-dengue-del-2026-en-corrientes\/","title":{"rendered":"Salud P\u00fablica confirm\u00f3 el primer caso de dengue del 2026 en Corrientes"},"content":{"rendered":"<div id=\"modalIntrotext\">\n<div>Un paciente con antecedentes de viaje encendi\u00f3 las alarmas sanitarias en el inicio del a\u00f1o. El Ministerio de Salud activ\u00f3 bloqueos vectoriales y refuerza el llamado a la vacunaci\u00f3n para personas de entre 15 y 59 a\u00f1os.<\/div>\n<div><\/div>\n<div><\/div>\n<div><\/div>\n<\/div>\n<div id=\"modalFulltext\">\n<div>En un contexto marcado por el intenso movimiento tur\u00edstico de la temporada estival, el Ministerio de Salud P\u00fablica de la Provincia de Corrientes, bajo la gesti\u00f3n del ministro Emilio Lanari Zubiaur, notific\u00f3 oficialmente el primer caso de dengue del a\u00f1o 2026. Se trata de un paciente mayor de edad residente en Corrientes, Capital, quien present\u00f3 s\u00edntomas tras regresar de un viaje a una zona con circulaci\u00f3n activa del virus.<\/div>\n<div>\n<div><\/div>\n<div>Desde la cartera sanitaria informaron que el paciente ha tenido una &#8220;buena evoluci\u00f3n&#8221; y se encuentra bajo seguimiento. Sin embargo, el hallazgo puso en marcha de inmediato el protocolo de emergencia a cargo de la Direcci\u00f3n General de Epidemiolog\u00eda, que ejecut\u00f3 tareas de bloqueo vectorial para evitar que el caso derivara en un brote local.<\/div>\n<div>\n<div><\/div>\n<div>Ante la confirmaci\u00f3n, brigadas sanitarias se desplegaron en la zona de residencia del afectado. El protocolo de bloqueo incluye:<\/div>\n<div>\n<div><\/div>\n<div>Relevamiento ambiental: Identificaci\u00f3n de posibles criaderos en los domicilios circundantes.<\/div>\n<div>Fumigaci\u00f3n: Tratamiento espacial para eliminar al mosquito adulto (Aedes aegypti).<\/div>\n<div>B\u00fasqueda de febriles: Entrevistas a vecinos para detectar otros posibles contagiados que no hayan consultado al sistema de salud.<\/div>\n<h2 class=\"\">El riesgo del verano y el factor tur\u00edstico<\/h2>\n<div>Las autoridades destacaron que el movimiento de personas es el principal veh\u00edculo de dispersi\u00f3n del virus. &#8220;El flujo de viajeros habitual en esta \u00e9poca del a\u00f1o genera un aumento del riesgo de circulaci\u00f3n viral&#8221;, advirtieron desde el ministerio.<\/div>\n<div>\n<div><\/div>\n<div>La recomendaci\u00f3n es taxativa: quienes regresen de zonas con brotes activos o viajen hacia ellas deben extremar el uso de repelente y estar atentos a cualquier s\u00edntoma que podr\u00eda aparecer durante los 14 d\u00edas posteriores al viaje.<\/div>\n<h2 class=\"\">C\u00f3mo identificar la enfermedad<\/h2>\n<div>El dengue es una patolog\u00eda viral febril y aguda que no se transmite de persona a persona, sino a trav\u00e9s de la picadura del mosquito infectado. El cuadro cl\u00ednico se caracteriza por una fiebre que puede durar de dos a siete d\u00edas acompa\u00f1ada de:<\/div>\n<div>\n<div><\/div>\n<div>Cefalea intensa y dolor retro ocular (detr\u00e1s de los ojos).<\/div>\n<\/div>\n<div>\n<div><\/div>\n<div>N\u00e1useas, v\u00f3mitos y malestar general.<\/div>\n<\/div>\n<div>\n<div><\/div>\n<div>Mialgias (dolores musculares) y artralgias (dolor de articulaciones).<\/div>\n<div>Aparici\u00f3n de exantemas (manchas en la piel).<\/div>\n<h2 class=\"\">Vacunaci\u00f3n: la herramienta clave<\/h2>\n<div>En paralelo a las tareas de limpieza para evitar la propagaci\u00f3n, el Gobierno provincial record\u00f3 que la campa\u00f1a de vacunaci\u00f3n contra el dengue contin\u00faa vigente y es una pieza fundamental de la estrategia preventiva para este 2026.<\/div>\n<\/div>\n<div>\n<div><\/div>\n<div>La inmunizaci\u00f3n est\u00e1 destinada a personas de entre 15 y 59 a\u00f1os. En Capital, los interesados pueden acudir al Hospital de Campa\u00f1a &#8220;Escuela Hogar&#8221; y a la Estaci\u00f3n Saludable de la plaza Cabral para ser inmunizados. En el interior de la provincia, la aplicaci\u00f3n se realiza en los hospitales locales de cada jurisdicci\u00f3n.<\/div>\n<div>Tagscepa de dengue<\/div>\n<div><\/div>\n<\/div>\n<\/div>\n<\/div>\n<\/div>\n<\/div>\n<\/div>\n","protected":false},"excerpt":{"rendered":"<p>Un paciente con antecedentes de viaje encendi\u00f3 las alarmas sanitarias en el inicio del a\u00f1o. El Ministerio de Salud activ\u00f3 bloqueos vectoriales y refuerza el llamado a la vacunaci\u00f3n para personas de entre 15 y 59 a\u00f1os. En un contexto marcado por el intenso movimiento tur\u00edstico de la temporada estival, el Ministerio de Salud P\u00fablica [&hellip;]<\/p>\n","protected":false},"author":2,"featured_media":6543,"comment_status":"open","ping_status":"open","sticky":false,"template":"","format":"standard","meta":{"footnotes":""},"categories":[78],"tags":[],"class_list":{"0":"post-6542","1":"post","2":"type-post","3":"status-publish","4":"format-standard","5":"has-post-thumbnail","7":"category-generales"},"_links":{"self":[{"href":"https:\/\/elpueblonoticia.com.ar\/web\/wp-json\/wp\/v2\/posts\/6542","targetHints":{"allow":["GET"]}}],"collection":[{"href":"https:\/\/elpueblonoticia.com.ar\/web\/wp-json\/wp\/v2\/posts"}],"about":[{"href":"https:\/\/elpueblonoticia.com.ar\/web\/wp-json\/wp\/v2\/types\/post"}],"author":[{"embeddable":true,"href":"https:\/\/elpueblonoticia.com.ar\/web\/wp-json\/wp\/v2\/users\/2"}],"replies":[{"embeddable":true,"href":"https:\/\/elpueblonoticia.com.ar\/web\/wp-json\/wp\/v2\/comments?post=6542"}],"version-history":[{"count":1,"href":"https:\/\/elpueblonoticia.com.ar\/web\/wp-json\/wp\/v2\/posts\/6542\/revisions"}],"predecessor-version":[{"id":6544,"href":"https:\/\/elpueblonoticia.com.ar\/web\/wp-json\/wp\/v2\/posts\/6542\/revisions\/6544"}],"wp:featuredmedia":[{"embeddable":true,"href":"https:\/\/elpueblonoticia.com.ar\/web\/wp-json\/wp\/v2\/media\/6543"}],"wp:attachment":[{"href":"https:\/\/elpueblonoticia.com.ar\/web\/wp-json\/wp\/v2\/media?parent=6542"}],"wp:term":[{"taxonomy":"category","embeddable":true,"href":"https:\/\/elpueblonoticia.com.ar\/web\/wp-json\/wp\/v2\/categories?post=6542"},{"taxonomy":"post_tag","embeddable":true,"href":"https:\/\/elpueblonoticia.com.ar\/web\/wp-json\/wp\/v2\/tags?post=6542"}],"curies":[{"name":"wp","href":"https:\/\/api.w.org\/{rel}","templated":true}]}}