{"id":6538,"date":"2026-02-04T11:22:09","date_gmt":"2026-02-04T14:22:09","guid":{"rendered":"https:\/\/elpueblonoticia.com.ar\/web\/?p=6538"},"modified":"2026-02-04T11:22:09","modified_gmt":"2026-02-04T14:22:09","slug":"mariana-pereyra-bastonera-de-bateria-y-mejor-bailarina-del-carnaval-goyano-2026","status":"publish","type":"post","link":"https:\/\/elpueblonoticia.com.ar\/web\/2026\/02\/04\/mariana-pereyra-bastonera-de-bateria-y-mejor-bailarina-del-carnaval-goyano-2026\/","title":{"rendered":"MARIANA PEREYRA, BASTONERA DE BATER\u00cdA Y MEJOR BAILARINA DEL CARNAVAL GOYANO 2026"},"content":{"rendered":"<p class=\"x_MsoNormal\" data-olk-copy-source=\"MessageBody\">El porte, la ductilidad y la fuerza interpretativa para el samba de la aymarasera Mariana Pereyra no pasaron desapercibidos. Su presencia esc\u00e9nica llam\u00f3 la atenci\u00f3n del jurado y atrap\u00f3 al p\u00fablico desde el primer comp\u00e1s, consolidando una performance que marc\u00f3 un antes y un despu\u00e9s en la competencia.<\/p>\n<p class=\"x_MsoNormal\">Con un baile r\u00edtmico, en\u00e9rgico y de gran precisi\u00f3n t\u00e9cnica, Pereyra fue construyendo noche a noche un camino que anticipaba el desenlace: consagrarse como bastonera de bater\u00eda del Carnaval Goyano 2026. Pero el reconocimiento no se detuvo all\u00ed. Su despliegue art\u00edstico tambi\u00e9n le vali\u00f3 el premio a \u201cMejor Bailarina\u201d, reafirmando su excelencia y dominio absoluto de la pasarela carnestolenda.<\/p>\n<p class=\"x_MsoNormal\">Mariana Pereyra, bastonera de bater\u00eda de la scola de samba \u201cLa Din\u00e1mica\u201d de la Comparsa AYMARA. Cada una de sus pasadas fue un estallido de ritmo, brillo y emoci\u00f3n, una danza que atrap\u00f3 al p\u00fablico desde el primer comp\u00e1s hasta el \u00faltimo redoble.<\/p>\n<p class=\"x_MsoNormal\">\u00a0\u201cMe\u00a0sent\u00ed\u00a0con\u00a0mucha\u00a0m\u00e1s\u00a0energ\u00eda,\u00a0m\u00e1s\u00a0descansada,\u00a0lo\u00a0di\u00a0todo\u00a0para\u00a0ganarme\u00a0el\u00a0coraz\u00f3n\u00a0del\u00a0p\u00fablico\u00a0y\u00a0obviamente\u00a0del\u00a0jurado\u201d, expres\u00f3 Mariana Pereyra.<\/p>\n<p class=\"x_MsoNormal\">En una competencia cada vez m\u00e1s exigente, las actuaciones de Eugenia Giaigischia, Daiana Fossatti, Paola Pintos y Agustina Pucheta fueron igualmente destacadas, aportando brillo y jerarqu\u00eda a una lucha de bastoneras que a\u00f1o a a\u00f1o eleva su nivel. Sin embargo, la combinaci\u00f3n de t\u00e9cnica, carisma y potencia esc\u00e9nica de Mariana Pereyra termin\u00f3 inclinando la balanza a su favor.<\/p>\n<p class=\"x_MsoNormal\" aria-hidden=\"true\">\n<p class=\"x_MsoNormal\">De este modo, Mariana Pereyra se erige como una de las grandes figuras del Carnaval Goyano 2026, coronando una temporada inolvidable con dos distinciones que reconocen su talento integral sobre la pista.<\/p>\n<p class=\"x_MsoNormal\" aria-hidden=\"true\">\n","protected":false},"excerpt":{"rendered":"<p>El porte, la ductilidad y la fuerza interpretativa para el samba de la aymarasera Mariana Pereyra no pasaron desapercibidos. Su presencia esc\u00e9nica llam\u00f3 la atenci\u00f3n del jurado y atrap\u00f3 al p\u00fablico desde el primer comp\u00e1s, consolidando una performance que marc\u00f3 un antes y un despu\u00e9s en la competencia. Con un baile r\u00edtmico, en\u00e9rgico y de [&hellip;]<\/p>\n","protected":false},"author":2,"featured_media":6539,"comment_status":"open","ping_status":"open","sticky":false,"template":"","format":"standard","meta":{"footnotes":""},"categories":[56],"tags":[],"class_list":{"0":"post-6538","1":"post","2":"type-post","3":"status-publish","4":"format-standard","5":"has-post-thumbnail","7":"category-locales"},"_links":{"self":[{"href":"https:\/\/elpueblonoticia.com.ar\/web\/wp-json\/wp\/v2\/posts\/6538","targetHints":{"allow":["GET"]}}],"collection":[{"href":"https:\/\/elpueblonoticia.com.ar\/web\/wp-json\/wp\/v2\/posts"}],"about":[{"href":"https:\/\/elpueblonoticia.com.ar\/web\/wp-json\/wp\/v2\/types\/post"}],"author":[{"embeddable":true,"href":"https:\/\/elpueblonoticia.com.ar\/web\/wp-json\/wp\/v2\/users\/2"}],"replies":[{"embeddable":true,"href":"https:\/\/elpueblonoticia.com.ar\/web\/wp-json\/wp\/v2\/comments?post=6538"}],"version-history":[{"count":1,"href":"https:\/\/elpueblonoticia.com.ar\/web\/wp-json\/wp\/v2\/posts\/6538\/revisions"}],"predecessor-version":[{"id":6540,"href":"https:\/\/elpueblonoticia.com.ar\/web\/wp-json\/wp\/v2\/posts\/6538\/revisions\/6540"}],"wp:featuredmedia":[{"embeddable":true,"href":"https:\/\/elpueblonoticia.com.ar\/web\/wp-json\/wp\/v2\/media\/6539"}],"wp:attachment":[{"href":"https:\/\/elpueblonoticia.com.ar\/web\/wp-json\/wp\/v2\/media?parent=6538"}],"wp:term":[{"taxonomy":"category","embeddable":true,"href":"https:\/\/elpueblonoticia.com.ar\/web\/wp-json\/wp\/v2\/categories?post=6538"},{"taxonomy":"post_tag","embeddable":true,"href":"https:\/\/elpueblonoticia.com.ar\/web\/wp-json\/wp\/v2\/tags?post=6538"}],"curies":[{"name":"wp","href":"https:\/\/api.w.org\/{rel}","templated":true}]}}