{"id":6530,"date":"2026-02-04T10:47:16","date_gmt":"2026-02-04T13:47:16","guid":{"rendered":"https:\/\/elpueblonoticia.com.ar\/web\/?p=6530"},"modified":"2026-02-04T10:47:16","modified_gmt":"2026-02-04T13:47:16","slug":"el-rey-del-carnaval-lleva-los-colores-de-aymara-y-poramba","status":"publish","type":"post","link":"https:\/\/elpueblonoticia.com.ar\/web\/2026\/02\/04\/el-rey-del-carnaval-lleva-los-colores-de-aymara-y-poramba\/","title":{"rendered":"EL REY DEL CARNAVAL LLEVA LOS COLORES DE AYMAR\u00c1 Y PORAMB\u00c1"},"content":{"rendered":"<p class=\"x_MsoNormal\" data-olk-copy-source=\"MessageBody\">Marcos Mart\u00ednez (Aymar\u00e1) y Emmanuel Pitt\u00f3n (Poramb\u00e1), fueron distinguidos como Reyes del Carnaval en Goya en esta edici\u00f3n 2026.<\/p>\n<p class=\"x_MsoNormal\">Con una participaci\u00f3n que no pas\u00f3 desapercibida para el p\u00fablico y el jurado, Emmanuel Pitt\u00f3n (Poramb\u00e1) y Marcos Mart\u00ednez (Aymar\u00e1), lograron que al final de las noches de competencia las valoraciones de los jurados concluyeran en que deb\u00edan ser nominados para Rey del carnaval, lo que finalmente ocurri\u00f3, finalizado el escrutinio.<\/p>\n<p class=\"x_MsoNormal\" aria-hidden=\"true\">\n","protected":false},"excerpt":{"rendered":"<p>Marcos Mart\u00ednez (Aymar\u00e1) y Emmanuel Pitt\u00f3n (Poramb\u00e1), fueron distinguidos como Reyes del Carnaval en Goya en esta edici\u00f3n 2026. Con una participaci\u00f3n que no pas\u00f3 desapercibida para el p\u00fablico y el jurado, Emmanuel Pitt\u00f3n (Poramb\u00e1) y Marcos Mart\u00ednez (Aymar\u00e1), lograron que al final de las noches de competencia las valoraciones de los jurados concluyeran en [&hellip;]<\/p>\n","protected":false},"author":2,"featured_media":6531,"comment_status":"open","ping_status":"open","sticky":false,"template":"","format":"standard","meta":{"footnotes":""},"categories":[56],"tags":[],"class_list":{"0":"post-6530","1":"post","2":"type-post","3":"status-publish","4":"format-standard","5":"has-post-thumbnail","7":"category-locales"},"_links":{"self":[{"href":"https:\/\/elpueblonoticia.com.ar\/web\/wp-json\/wp\/v2\/posts\/6530","targetHints":{"allow":["GET"]}}],"collection":[{"href":"https:\/\/elpueblonoticia.com.ar\/web\/wp-json\/wp\/v2\/posts"}],"about":[{"href":"https:\/\/elpueblonoticia.com.ar\/web\/wp-json\/wp\/v2\/types\/post"}],"author":[{"embeddable":true,"href":"https:\/\/elpueblonoticia.com.ar\/web\/wp-json\/wp\/v2\/users\/2"}],"replies":[{"embeddable":true,"href":"https:\/\/elpueblonoticia.com.ar\/web\/wp-json\/wp\/v2\/comments?post=6530"}],"version-history":[{"count":1,"href":"https:\/\/elpueblonoticia.com.ar\/web\/wp-json\/wp\/v2\/posts\/6530\/revisions"}],"predecessor-version":[{"id":6532,"href":"https:\/\/elpueblonoticia.com.ar\/web\/wp-json\/wp\/v2\/posts\/6530\/revisions\/6532"}],"wp:featuredmedia":[{"embeddable":true,"href":"https:\/\/elpueblonoticia.com.ar\/web\/wp-json\/wp\/v2\/media\/6531"}],"wp:attachment":[{"href":"https:\/\/elpueblonoticia.com.ar\/web\/wp-json\/wp\/v2\/media?parent=6530"}],"wp:term":[{"taxonomy":"category","embeddable":true,"href":"https:\/\/elpueblonoticia.com.ar\/web\/wp-json\/wp\/v2\/categories?post=6530"},{"taxonomy":"post_tag","embeddable":true,"href":"https:\/\/elpueblonoticia.com.ar\/web\/wp-json\/wp\/v2\/tags?post=6530"}],"curies":[{"name":"wp","href":"https:\/\/api.w.org\/{rel}","templated":true}]}}