{"id":6526,"date":"2026-02-04T10:40:52","date_gmt":"2026-02-04T13:40:52","guid":{"rendered":"https:\/\/elpueblonoticia.com.ar\/web\/?p=6526"},"modified":"2026-02-04T10:40:52","modified_gmt":"2026-02-04T13:40:52","slug":"carnavales-2026-daniela-vallejos-es-la-flamante-reina-del-carnaval-goyano","status":"publish","type":"post","link":"https:\/\/elpueblonoticia.com.ar\/web\/2026\/02\/04\/carnavales-2026-daniela-vallejos-es-la-flamante-reina-del-carnaval-goyano\/","title":{"rendered":"CARNAVALES 2026 : DANIELA VALLEJOS ES LA FLAMANTE REINA DEL CARNAVAL GOYANO"},"content":{"rendered":"<p class=\"x_MsoNormal\" data-olk-copy-source=\"MessageBody\">Con una belleza incomparable y carisma que la distingue, Daniela Vallejos fue coronada como la Reina del Carnaval 2026. Su encanto fue tan cautivante que sum\u00f3 la adhesi\u00f3n suficiente como para conseguir el preciado galard\u00f3n.<\/p>\n<p class=\"x_MsoNormal\">Representando a la comparsa Poramb\u00e1, Daniela Vallejos como soberana de la comparsa de \u201cLa Orquidea\u201d es la embajadora de los carnavales goyanos 2026.<\/p>\n<p class=\"x_MsoNormal\" aria-hidden=\"true\">\n<p class=\"x_MsoNormal\">\n","protected":false},"excerpt":{"rendered":"<p>Con una belleza incomparable y carisma que la distingue, Daniela Vallejos fue coronada como la Reina del Carnaval 2026. Su encanto fue tan cautivante que sum\u00f3 la adhesi\u00f3n suficiente como para conseguir el preciado galard\u00f3n. Representando a la comparsa Poramb\u00e1, Daniela Vallejos como soberana de la comparsa de \u201cLa Orquidea\u201d es la embajadora de los [&hellip;]<\/p>\n","protected":false},"author":2,"featured_media":6527,"comment_status":"open","ping_status":"open","sticky":false,"template":"","format":"standard","meta":{"footnotes":""},"categories":[56],"tags":[],"class_list":{"0":"post-6526","1":"post","2":"type-post","3":"status-publish","4":"format-standard","5":"has-post-thumbnail","7":"category-locales"},"_links":{"self":[{"href":"https:\/\/elpueblonoticia.com.ar\/web\/wp-json\/wp\/v2\/posts\/6526","targetHints":{"allow":["GET"]}}],"collection":[{"href":"https:\/\/elpueblonoticia.com.ar\/web\/wp-json\/wp\/v2\/posts"}],"about":[{"href":"https:\/\/elpueblonoticia.com.ar\/web\/wp-json\/wp\/v2\/types\/post"}],"author":[{"embeddable":true,"href":"https:\/\/elpueblonoticia.com.ar\/web\/wp-json\/wp\/v2\/users\/2"}],"replies":[{"embeddable":true,"href":"https:\/\/elpueblonoticia.com.ar\/web\/wp-json\/wp\/v2\/comments?post=6526"}],"version-history":[{"count":1,"href":"https:\/\/elpueblonoticia.com.ar\/web\/wp-json\/wp\/v2\/posts\/6526\/revisions"}],"predecessor-version":[{"id":6528,"href":"https:\/\/elpueblonoticia.com.ar\/web\/wp-json\/wp\/v2\/posts\/6526\/revisions\/6528"}],"wp:featuredmedia":[{"embeddable":true,"href":"https:\/\/elpueblonoticia.com.ar\/web\/wp-json\/wp\/v2\/media\/6527"}],"wp:attachment":[{"href":"https:\/\/elpueblonoticia.com.ar\/web\/wp-json\/wp\/v2\/media?parent=6526"}],"wp:term":[{"taxonomy":"category","embeddable":true,"href":"https:\/\/elpueblonoticia.com.ar\/web\/wp-json\/wp\/v2\/categories?post=6526"},{"taxonomy":"post_tag","embeddable":true,"href":"https:\/\/elpueblonoticia.com.ar\/web\/wp-json\/wp\/v2\/tags?post=6526"}],"curies":[{"name":"wp","href":"https:\/\/api.w.org\/{rel}","templated":true}]}}