{"id":6517,"date":"2026-02-04T10:01:44","date_gmt":"2026-02-04T13:01:44","guid":{"rendered":"https:\/\/elpueblonoticia.com.ar\/web\/?p=6517"},"modified":"2026-02-04T10:01:44","modified_gmt":"2026-02-04T13:01:44","slug":"campeona-la-orquidea-vuelve-a-florecer-en-goya-y-se-consagra-campeona-del-carnaval-2026","status":"publish","type":"post","link":"https:\/\/elpueblonoticia.com.ar\/web\/2026\/02\/04\/campeona-la-orquidea-vuelve-a-florecer-en-goya-y-se-consagra-campeona-del-carnaval-2026\/","title":{"rendered":"CAMPEONA :  LA &#8220;ORQU\u00cdDEA&#8221; VUELVE A FLORECER EN GOYA Y SE CONSAGRA CAMPEONA DEL CARNAVAL 2026"},"content":{"rendered":"<p class=\"x_MsoNormal\" data-olk-copy-source=\"MessageBody\">Luego de unos a\u00f1os de sequ\u00eda, Poramb\u00e1 deslumbr\u00f3 en las noches de momo y el jurado premi\u00f3 el esfuerzo de todo un a\u00f1o de trabajo.<\/p>\n<p class=\"x_MsoNormal\" aria-hidden=\"true\">\n<p class=\"x_MsoNormal\">Al obtener el campeonato, \u201cla m\u00e1s linda\u201d gana adem\u00e1s el pasaje para representar a Goya en Corrientes, \u201ccapital nacional del carnaval\u201d.<\/p>\n<p class=\"x_MsoNormal\" aria-hidden=\"true\">\n<p class=\"x_MsoNormal\">Con cinco comparsas en competencia, nueve jurados intervinientes y muchos m\u00e1s de veinte rubros en competencia, incluida la categor\u00eda infantil, el escrutinio se extendi\u00f3 desde la media ma\u00f1ana hasta entrada la noche, transform\u00e1ndose en una jornada XL que puso a prueba la ansiedad de los comparseros. Finalmente, la sumatoria de puntos favoreci\u00f3 a Poramb\u00e1 y la coron\u00f3 como la actual campeona del carnaval goyano.<\/p>\n<p class=\"x_MsoNormal\" aria-hidden=\"true\">\n<p class=\"x_MsoNormal\">\u00a1Felicitaciones!<\/p>\n<p class=\"x_MsoNormal\" aria-hidden=\"true\">\n<p class=\"x_MsoNormal\">Direcci\u00f3n de Prensa \u2013 Municipalidad de Goya<\/p>\n","protected":false},"excerpt":{"rendered":"<p>Luego de unos a\u00f1os de sequ\u00eda, Poramb\u00e1 deslumbr\u00f3 en las noches de momo y el jurado premi\u00f3 el esfuerzo de todo un a\u00f1o de trabajo. Al obtener el campeonato, \u201cla m\u00e1s linda\u201d gana adem\u00e1s el pasaje para representar a Goya en Corrientes, \u201ccapital nacional del carnaval\u201d. Con cinco comparsas en competencia, nueve jurados intervinientes y [&hellip;]<\/p>\n","protected":false},"author":2,"featured_media":6519,"comment_status":"open","ping_status":"open","sticky":false,"template":"","format":"standard","meta":{"footnotes":""},"categories":[56],"tags":[],"class_list":{"0":"post-6517","1":"post","2":"type-post","3":"status-publish","4":"format-standard","5":"has-post-thumbnail","7":"category-locales"},"_links":{"self":[{"href":"https:\/\/elpueblonoticia.com.ar\/web\/wp-json\/wp\/v2\/posts\/6517","targetHints":{"allow":["GET"]}}],"collection":[{"href":"https:\/\/elpueblonoticia.com.ar\/web\/wp-json\/wp\/v2\/posts"}],"about":[{"href":"https:\/\/elpueblonoticia.com.ar\/web\/wp-json\/wp\/v2\/types\/post"}],"author":[{"embeddable":true,"href":"https:\/\/elpueblonoticia.com.ar\/web\/wp-json\/wp\/v2\/users\/2"}],"replies":[{"embeddable":true,"href":"https:\/\/elpueblonoticia.com.ar\/web\/wp-json\/wp\/v2\/comments?post=6517"}],"version-history":[{"count":1,"href":"https:\/\/elpueblonoticia.com.ar\/web\/wp-json\/wp\/v2\/posts\/6517\/revisions"}],"predecessor-version":[{"id":6520,"href":"https:\/\/elpueblonoticia.com.ar\/web\/wp-json\/wp\/v2\/posts\/6517\/revisions\/6520"}],"wp:featuredmedia":[{"embeddable":true,"href":"https:\/\/elpueblonoticia.com.ar\/web\/wp-json\/wp\/v2\/media\/6519"}],"wp:attachment":[{"href":"https:\/\/elpueblonoticia.com.ar\/web\/wp-json\/wp\/v2\/media?parent=6517"}],"wp:term":[{"taxonomy":"category","embeddable":true,"href":"https:\/\/elpueblonoticia.com.ar\/web\/wp-json\/wp\/v2\/categories?post=6517"},{"taxonomy":"post_tag","embeddable":true,"href":"https:\/\/elpueblonoticia.com.ar\/web\/wp-json\/wp\/v2\/tags?post=6517"}],"curies":[{"name":"wp","href":"https:\/\/api.w.org\/{rel}","templated":true}]}}