{"id":6511,"date":"2026-02-04T09:52:11","date_gmt":"2026-02-04T12:52:11","guid":{"rendered":"https:\/\/elpueblonoticia.com.ar\/web\/?p=6511"},"modified":"2026-02-04T09:55:48","modified_gmt":"2026-02-04T12:55:48","slug":"calendario-escolar-2026-en-corrientes-cuando-empiezan-las-clases-y-que-pasa-los-sabados","status":"publish","type":"post","link":"https:\/\/elpueblonoticia.com.ar\/web\/2026\/02\/04\/calendario-escolar-2026-en-corrientes-cuando-empiezan-las-clases-y-que-pasa-los-sabados\/","title":{"rendered":"Calendario escolar 2026 en Corrientes: cu\u00e1ndo empiezan las clases y qu\u00e9 pasa los s\u00e1bados"},"content":{"rendered":"<div>\n<div class=\"article__headline\"><strong>El Ministerio de Educaci\u00f3n defini\u00f3 las fechas clave para todos los niveles. El Gobierno provincial activa un plan de infraestructura para poner a punto los edificios que albergan al 85% de la matr\u00edcula.<\/strong><\/div>\n<p>&nbsp;<\/p>\n<p>El Ministerio de Educaci\u00f3n de Corrientes oficializ\u00f3 el cronograma para el\u00a0<strong>ciclo lectivo 2026<\/strong>. Seg\u00fan lo dispuesto por la cartera educativa, las clases para los niveles Inicial, Primario y Secundario comenzar\u00e1n el\u00a0<strong>lunes 2 de marzo.<\/strong><\/p>\n<p>No obstante, la actividad en las escuelas se reactivar\u00e1 mucho antes: el\u00a0<strong>10 de febrero<\/strong>\u00a0ser\u00e1 la presentaci\u00f3n obligatoria para el personal de conducci\u00f3n, administrativos, preceptores y docentes con tareas administrativas.<\/p>\n<p>El calendario establece que el\u00a0<strong>primer cuatrimestre<\/strong>\u00a0se extender\u00e1 desde el 2 de marzo hasta el 31 de julio, mientras que el\u00a0<strong>segundo cuatrimestre<\/strong>\u00a0iniciar\u00e1 el 1 de agosto y finalizar\u00e1 el 11 de diciembre.<\/p>\n<p>Una de las novedades destacadas es la ratificaci\u00f3n del\u00a0<strong>s\u00e1bado como d\u00eda laborable<\/strong>, destinado a reuniones de personal, formaci\u00f3n docente, ex\u00e1menes o tareas de desinfecci\u00f3n, evitando as\u00ed la p\u00e9rdida de d\u00edas de clases durante la semana.<\/p>\n<h2><strong>Metas de presencialidad y horas reloj<\/strong><\/h2>\n<p>Para garantizar la calidad educativa, Corrientes se adhiere a la Resoluci\u00f3n del Consejo Federal de Educaci\u00f3n que establece un m\u00ednimo de\u00a0<strong>190 d\u00edas de clase<\/strong>. En t\u00e9rminos de carga horaria, la provincia fij\u00f3 metas estrictas para el 2026:<\/p>\n<ul>\n<li><strong>Nivel Inicial:<\/strong>\u00a0570 horas reloj.<\/li>\n<li><strong>Nivel Primario:<\/strong>\u00a0862 horas reloj.<\/li>\n<li><strong>Nivel Secundario:<\/strong>\u00a0925 horas reloj.<\/li>\n<\/ul>\n<p>Desde el Ministerio subrayaron que, en caso de no cumplirse con el\u00a0<strong>80% de las clases previstas<\/strong>, las instituciones deber\u00e1n arbitrar los medios para recuperar los contenidos de forma inmediata, pudiendo utilizar los d\u00edas s\u00e1bados para tal fin. Se considerar\u00e1 &#8220;d\u00eda de clase efectivo&#8221; aquel en el que se completen al menos cuatro horas reloj de actividades pedag\u00f3gicas.<\/p>\n<h2><strong>Plan de obras: puesta a punto para el inicio<\/strong><\/h2>\n<p>En paralelo al anuncio administrativo, el subsecretario de Infraestructura Escolar,\u00a0<strong>Emilio Breard<\/strong>, confirm\u00f3 el inicio de un ambicioso plan de obras. &#8220;Ya tenemos definidas acciones en edificios que albergan al\u00a0<strong>85% de los estudiantes<\/strong>\u00a0de la provincia&#8221;, explic\u00f3 el funcionario.<\/p>\n<p>Los trabajos incluyen tareas de mantenimiento esencial como corte de pasto, limpieza de tanques, desinfecci\u00f3n y fumigaci\u00f3n. Mientras que los grandes n\u00facleos escolares ser\u00e1n atendidos por empresas tercerizadas, los establecimientos rurales o de menor escala recibir\u00e1n mantenimiento a trav\u00e9s de pymes locales y en articulaci\u00f3n directa con los municipios, asegurando que el 100% de las escuelas est\u00e9n en condiciones para recibir a los alumnos en marzo.<\/p>\n<\/div>\n<div class=\"s2s_supra_contenedor lang_directon_right s2sdefault align_left s2s_balloon_bottom \">\n<div class=\"s2s_contenedor s2s_no_text s2s-btn-group\">\n<div class=\"s2s_twitter s2s_btn s2s-btn-xs \">\n<div class=\"globo s2s_globo_closed s2s_twitter_iframe\"><\/div>\n<\/div>\n<div class=\"s2s_facebook s2s_btn s2s-btn-xs \">\n<div class=\"globo s2s_globo_closed s2s_facebook_iframe\"><\/div>\n<\/div>\n<div class=\"s2s_wapp s2s_btn s2s-btn-xs \">\n<div class=\"globo s2s_globo_closed s2s_wapp_iframe\"><\/div>\n<\/div>\n<\/div>\n<div class=\"s2s_credits_wrapper\"><\/div>\n<\/div>\n","protected":false},"excerpt":{"rendered":"<p>El Ministerio de Educaci\u00f3n defini\u00f3 las fechas clave para todos los niveles. El Gobierno provincial activa un plan de infraestructura para poner a punto los edificios que albergan al 85% de la matr\u00edcula. &nbsp; El Ministerio de Educaci\u00f3n de Corrientes oficializ\u00f3 el cronograma para el\u00a0ciclo lectivo 2026. Seg\u00fan lo dispuesto por la cartera educativa, las [&hellip;]<\/p>\n","protected":false},"author":2,"featured_media":6518,"comment_status":"open","ping_status":"open","sticky":false,"template":"","format":"standard","meta":{"footnotes":""},"categories":[78],"tags":[],"class_list":{"0":"post-6511","1":"post","2":"type-post","3":"status-publish","4":"format-standard","5":"has-post-thumbnail","7":"category-generales"},"_links":{"self":[{"href":"https:\/\/elpueblonoticia.com.ar\/web\/wp-json\/wp\/v2\/posts\/6511","targetHints":{"allow":["GET"]}}],"collection":[{"href":"https:\/\/elpueblonoticia.com.ar\/web\/wp-json\/wp\/v2\/posts"}],"about":[{"href":"https:\/\/elpueblonoticia.com.ar\/web\/wp-json\/wp\/v2\/types\/post"}],"author":[{"embeddable":true,"href":"https:\/\/elpueblonoticia.com.ar\/web\/wp-json\/wp\/v2\/users\/2"}],"replies":[{"embeddable":true,"href":"https:\/\/elpueblonoticia.com.ar\/web\/wp-json\/wp\/v2\/comments?post=6511"}],"version-history":[{"count":1,"href":"https:\/\/elpueblonoticia.com.ar\/web\/wp-json\/wp\/v2\/posts\/6511\/revisions"}],"predecessor-version":[{"id":6515,"href":"https:\/\/elpueblonoticia.com.ar\/web\/wp-json\/wp\/v2\/posts\/6511\/revisions\/6515"}],"wp:featuredmedia":[{"embeddable":true,"href":"https:\/\/elpueblonoticia.com.ar\/web\/wp-json\/wp\/v2\/media\/6518"}],"wp:attachment":[{"href":"https:\/\/elpueblonoticia.com.ar\/web\/wp-json\/wp\/v2\/media?parent=6511"}],"wp:term":[{"taxonomy":"category","embeddable":true,"href":"https:\/\/elpueblonoticia.com.ar\/web\/wp-json\/wp\/v2\/categories?post=6511"},{"taxonomy":"post_tag","embeddable":true,"href":"https:\/\/elpueblonoticia.com.ar\/web\/wp-json\/wp\/v2\/tags?post=6511"}],"curies":[{"name":"wp","href":"https:\/\/api.w.org\/{rel}","templated":true}]}}