{"id":6507,"date":"2026-02-04T09:42:09","date_gmt":"2026-02-04T12:42:09","guid":{"rendered":"https:\/\/elpueblonoticia.com.ar\/web\/?p=6507"},"modified":"2026-02-04T09:44:06","modified_gmt":"2026-02-04T12:44:06","slug":"se-encuentra-abierta-la-inscripcion-para-reina-nacional-del-surubi-2026","status":"publish","type":"post","link":"https:\/\/elpueblonoticia.com.ar\/web\/2026\/02\/04\/se-encuentra-abierta-la-inscripcion-para-reina-nacional-del-surubi-2026\/","title":{"rendered":"SE ENCUENTRA ABIERTA LA INSCRIPCI\u00d3N PARA REINA NACIONAL DEL SURUB\u00cd 2026"},"content":{"rendered":"<p><img loading=\"lazy\" decoding=\"async\" class=\"alignnone  wp-image-6508\" src=\"https:\/\/elpueblonoticia.com.ar\/web\/wp-content\/uploads\/2026\/02\/626066577_18085790582162928_5066041310227393348_n-240x300.jpg\" alt=\"\" width=\"795\" height=\"994\" srcset=\"https:\/\/elpueblonoticia.com.ar\/web\/wp-content\/uploads\/2026\/02\/626066577_18085790582162928_5066041310227393348_n-240x300.jpg 240w, https:\/\/elpueblonoticia.com.ar\/web\/wp-content\/uploads\/2026\/02\/626066577_18085790582162928_5066041310227393348_n-819x1024.jpg 819w, https:\/\/elpueblonoticia.com.ar\/web\/wp-content\/uploads\/2026\/02\/626066577_18085790582162928_5066041310227393348_n-768x960.jpg 768w, https:\/\/elpueblonoticia.com.ar\/web\/wp-content\/uploads\/2026\/02\/626066577_18085790582162928_5066041310227393348_n-1229x1536.jpg 1229w, https:\/\/elpueblonoticia.com.ar\/web\/wp-content\/uploads\/2026\/02\/626066577_18085790582162928_5066041310227393348_n-336x420.jpg 336w, https:\/\/elpueblonoticia.com.ar\/web\/wp-content\/uploads\/2026\/02\/626066577_18085790582162928_5066041310227393348_n-696x870.jpg 696w, https:\/\/elpueblonoticia.com.ar\/web\/wp-content\/uploads\/2026\/02\/626066577_18085790582162928_5066041310227393348_n-1068x1335.jpg 1068w, https:\/\/elpueblonoticia.com.ar\/web\/wp-content\/uploads\/2026\/02\/626066577_18085790582162928_5066041310227393348_n.jpg 1440w\" sizes=\"auto, (max-width: 795px) 100vw, 795px\" \/><\/p>\n<p><strong>La Secretar\u00eda de Turismo inform\u00f3 sobre la apertura de la inscripci\u00f3n para postulantes a Reina Nacional del Surub\u00ed 2026: del 2 al 22 de febrero. Mir\u00e1 todos los requisitos y ped\u00ed el formulario al 3777-627416. Sumate a esta posibilidad de ser la nueva gran embajadora de Goya.<\/strong><\/p>\n<p>&nbsp;<\/p>\n","protected":false},"excerpt":{"rendered":"<p>La Secretar\u00eda de Turismo inform\u00f3 sobre la apertura de la inscripci\u00f3n para postulantes a Reina Nacional del Surub\u00ed 2026: del 2 al 22 de febrero. Mir\u00e1 todos los requisitos y ped\u00ed el formulario al 3777-627416. Sumate a esta posibilidad de ser la nueva gran embajadora de Goya. &nbsp;<\/p>\n","protected":false},"author":2,"featured_media":6512,"comment_status":"open","ping_status":"open","sticky":false,"template":"","format":"standard","meta":{"footnotes":""},"categories":[56],"tags":[],"class_list":{"0":"post-6507","1":"post","2":"type-post","3":"status-publish","4":"format-standard","5":"has-post-thumbnail","7":"category-locales"},"_links":{"self":[{"href":"https:\/\/elpueblonoticia.com.ar\/web\/wp-json\/wp\/v2\/posts\/6507","targetHints":{"allow":["GET"]}}],"collection":[{"href":"https:\/\/elpueblonoticia.com.ar\/web\/wp-json\/wp\/v2\/posts"}],"about":[{"href":"https:\/\/elpueblonoticia.com.ar\/web\/wp-json\/wp\/v2\/types\/post"}],"author":[{"embeddable":true,"href":"https:\/\/elpueblonoticia.com.ar\/web\/wp-json\/wp\/v2\/users\/2"}],"replies":[{"embeddable":true,"href":"https:\/\/elpueblonoticia.com.ar\/web\/wp-json\/wp\/v2\/comments?post=6507"}],"version-history":[{"count":2,"href":"https:\/\/elpueblonoticia.com.ar\/web\/wp-json\/wp\/v2\/posts\/6507\/revisions"}],"predecessor-version":[{"id":6513,"href":"https:\/\/elpueblonoticia.com.ar\/web\/wp-json\/wp\/v2\/posts\/6507\/revisions\/6513"}],"wp:featuredmedia":[{"embeddable":true,"href":"https:\/\/elpueblonoticia.com.ar\/web\/wp-json\/wp\/v2\/media\/6512"}],"wp:attachment":[{"href":"https:\/\/elpueblonoticia.com.ar\/web\/wp-json\/wp\/v2\/media?parent=6507"}],"wp:term":[{"taxonomy":"category","embeddable":true,"href":"https:\/\/elpueblonoticia.com.ar\/web\/wp-json\/wp\/v2\/categories?post=6507"},{"taxonomy":"post_tag","embeddable":true,"href":"https:\/\/elpueblonoticia.com.ar\/web\/wp-json\/wp\/v2\/tags?post=6507"}],"curies":[{"name":"wp","href":"https:\/\/api.w.org\/{rel}","templated":true}]}}