{"id":6503,"date":"2026-02-04T09:35:37","date_gmt":"2026-02-04T12:35:37","guid":{"rendered":"https:\/\/elpueblonoticia.com.ar\/web\/?p=6503"},"modified":"2026-02-04T09:35:37","modified_gmt":"2026-02-04T12:35:37","slug":"aumento-el-salario-minimo-vital-y-movil-de-cuanto-es-el-monto-en-febrero-2026-y-como-impacta-en-los-planes-sociales","status":"publish","type":"post","link":"https:\/\/elpueblonoticia.com.ar\/web\/2026\/02\/04\/aumento-el-salario-minimo-vital-y-movil-de-cuanto-es-el-monto-en-febrero-2026-y-como-impacta-en-los-planes-sociales\/","title":{"rendered":"Aument\u00f3 el Salario M\u00ednimo, Vital y M\u00f3vil: de cu\u00e1nto es el monto en febrero 2026 y c\u00f3mo impacta en los planes sociales"},"content":{"rendered":"<div class=\"article-body__subheadline\"><strong>El Consejo Nacional del Empleo, la Productividad y el Salario M\u00ednimo, Vital y M\u00f3vil (SMVM) determin\u00f3 una nueva escala de actualizaciones para todo el pa\u00eds, con aumentos escalonados desde noviembre de 2025 hasta agosto de 2026. Cu\u00e1nto se paga por hora.<\/strong><\/div>\n<p>&nbsp;<\/p>\n<p class=\"article-body__paragraph\">El Consejo Nacional del Empleo, la Productividad y el<strong>\u00a0<\/strong><strong>Salario M\u00ednimo, Vital y M\u00f3vil<\/strong>\u00a0(SMVM) determin\u00f3 una nueva escala de actualizaciones para todo el pa\u00eds, con\u00a0<strong>aumentos escalonados<\/strong>\u00a0desde noviembre de 2025 hasta agosto de 2026. De esta manera, en febrero alcanzar\u00e1 los\u00a0<strong>$346.800<\/strong>.<\/p>\n<p class=\"article-body__paragraph\">La resoluci\u00f3n, firmada por la presidente alterna del Consejo,\u00a0<strong>Claudia Silvana Testa<\/strong>, se dict\u00f3 despu\u00e9s del fracaso de las negociaciones entre los representantes sindicales y empleadores. En enero 2026, el m\u00ednimo fue de\u00a0<strong>$341.000<\/strong>. A continuaci\u00f3n, los valores hasta agosto:<\/p>\n<ul class=\"article-body__list-ul\">\n<li class=\"article-body__list-item\"><span class=\"article-body__list-span\"><strong>Febrero<\/strong>: $346.800<\/span><\/li>\n<li class=\"article-body__list-item\"><span class=\"article-body__list-span\"><strong>Marzo<\/strong>: $352.400<\/span><\/li>\n<li class=\"article-body__list-item\"><span class=\"article-body__list-span\"><strong>Abril<\/strong>: $357.800<\/span><\/li>\n<li class=\"article-body__list-item\"><span class=\"article-body__list-span\"><strong>Mayo<\/strong>: $363.000<\/span><\/li>\n<li class=\"article-body__list-item\"><span class=\"article-body__list-span\"><strong>Junio<\/strong>: $367.800<\/span><\/li>\n<li class=\"article-body__list-item\"><span class=\"article-body__list-span\"><strong>Julio<\/strong>: $372.400<\/span><\/li>\n<li class=\"article-body__list-item\"><span class=\"article-body__list-span\"><strong>Agosto<\/strong>: $376.600<\/span><\/li>\n<\/ul>\n<p class=\"article-body__paragraph\">Los valores horarios para los trabajadores jornalizados tambi\u00e9n acompa\u00f1ar\u00e1n esta suba, llegando a\u00a0<strong>$1.883 por hora<\/strong>\u00a0en agosto de 2026.<\/p>\n<figure class=\"base-media-item article-body__image\"><picture class=\"global-picture sm-4-5\"><source srcset=\"https:\/\/www.canal26.com\/resizer\/v2\/3AB6IQL5MFBLZOJR6FMHCOPRAQ.jpeg?auth=fe4d0bee4afbf7f48c669d2764dddb45835d1d22ccf8f610caead5f199529f36&amp;smart=true&amp;width=950&amp;height=1188&amp;quality=70\" media=\"(min-width: 768px)\" \/><\/picture><figcaption class=\"base-media-item__fig-caption\"><span class=\"base-media-item__caption\">La resoluci\u00f3n, firmada por la presidente alterna del Consejo, Claudia Silvana Testa, se dict\u00f3 despu\u00e9s del fracaso de las negociaciones entre los representantes sindicales y empleadores.\u00a0<\/span><span class=\"base-media-item__credit\">Foto: Canal 26<\/span><\/figcaption><\/figure>\n<h2 class=\"article-body__heading-h2\"><strong>\u00bfEn qu\u00e9 planes sociales impacta el Salario M\u00ednimo, Vital y M\u00f3vil?<\/strong><\/h2>\n<p class=\"article-body__paragraph\">El nuevo valor del salario m\u00ednimo impacta de forma directa en diferentes\u00a0<strong>planes y programas sociales<\/strong>:<\/p>\n","protected":false},"excerpt":{"rendered":"<p>El Consejo Nacional del Empleo, la Productividad y el Salario M\u00ednimo, Vital y M\u00f3vil (SMVM) determin\u00f3 una nueva escala de actualizaciones para todo el pa\u00eds, con aumentos escalonados desde noviembre de 2025 hasta agosto de 2026. Cu\u00e1nto se paga por hora. &nbsp; El Consejo Nacional del Empleo, la Productividad y el\u00a0Salario M\u00ednimo, Vital y M\u00f3vil\u00a0(SMVM) [&hellip;]<\/p>\n","protected":false},"author":2,"featured_media":6504,"comment_status":"open","ping_status":"open","sticky":false,"template":"","format":"standard","meta":{"footnotes":""},"categories":[65],"tags":[],"class_list":{"0":"post-6503","1":"post","2":"type-post","3":"status-publish","4":"format-standard","5":"has-post-thumbnail","7":"category-economia"},"_links":{"self":[{"href":"https:\/\/elpueblonoticia.com.ar\/web\/wp-json\/wp\/v2\/posts\/6503","targetHints":{"allow":["GET"]}}],"collection":[{"href":"https:\/\/elpueblonoticia.com.ar\/web\/wp-json\/wp\/v2\/posts"}],"about":[{"href":"https:\/\/elpueblonoticia.com.ar\/web\/wp-json\/wp\/v2\/types\/post"}],"author":[{"embeddable":true,"href":"https:\/\/elpueblonoticia.com.ar\/web\/wp-json\/wp\/v2\/users\/2"}],"replies":[{"embeddable":true,"href":"https:\/\/elpueblonoticia.com.ar\/web\/wp-json\/wp\/v2\/comments?post=6503"}],"version-history":[{"count":1,"href":"https:\/\/elpueblonoticia.com.ar\/web\/wp-json\/wp\/v2\/posts\/6503\/revisions"}],"predecessor-version":[{"id":6505,"href":"https:\/\/elpueblonoticia.com.ar\/web\/wp-json\/wp\/v2\/posts\/6503\/revisions\/6505"}],"wp:featuredmedia":[{"embeddable":true,"href":"https:\/\/elpueblonoticia.com.ar\/web\/wp-json\/wp\/v2\/media\/6504"}],"wp:attachment":[{"href":"https:\/\/elpueblonoticia.com.ar\/web\/wp-json\/wp\/v2\/media?parent=6503"}],"wp:term":[{"taxonomy":"category","embeddable":true,"href":"https:\/\/elpueblonoticia.com.ar\/web\/wp-json\/wp\/v2\/categories?post=6503"},{"taxonomy":"post_tag","embeddable":true,"href":"https:\/\/elpueblonoticia.com.ar\/web\/wp-json\/wp\/v2\/tags?post=6503"}],"curies":[{"name":"wp","href":"https:\/\/api.w.org\/{rel}","templated":true}]}}