{"id":6498,"date":"2026-02-04T09:20:20","date_gmt":"2026-02-04T12:20:20","guid":{"rendered":"https:\/\/elpueblonoticia.com.ar\/web\/?p=6498"},"modified":"2026-02-04T09:20:20","modified_gmt":"2026-02-04T12:20:20","slug":"corrientes-entre-ocho-provincias-bajo-alertas-roja-y-amarilla-por-altas-temperaturas","status":"publish","type":"post","link":"https:\/\/elpueblonoticia.com.ar\/web\/2026\/02\/04\/corrientes-entre-ocho-provincias-bajo-alertas-roja-y-amarilla-por-altas-temperaturas\/","title":{"rendered":"Corrientes entre ocho provincias bajo alertas roja y amarilla por altas temperaturas"},"content":{"rendered":"<p><strong>El Servicio Meteorol\u00f3gico Nacional actualiz\u00f3 los avisos por calor intenso para este martes, afectando a varias regiones con riesgos variables para la salud.<\/strong><\/p>\n<p>&nbsp;<\/p>\n<p>El Servicio Meteorol\u00f3gico Nacional (SMN) renov\u00f3 este martes las advertencias por altas temperaturas en varias provincias del pa\u00eds. Las zonas afectadas comprenden distritos de Buenos Aires, Santa Fe, Entre R\u00edos, Corrientes, C\u00f3rdoba, Santiago del Estero, La Pampa, Neuqu\u00e9n y R\u00edo Negro.<\/p>\n<div id=\"sm-it-main-container-1770149221649\" class=\"sm-it-main-container\" data-it=\"4001dd72-553f-4980-88c4-0bc671ae8ef5\" data-device=\"desktop\" data-index=\"0\">\n<div id=\"sm-reference-1770149221649\" class=\"sm-reference\"><\/div>\n<\/div>\n<p>Los niveles de alerta var\u00edan entre amarilla, que indica un efecto leve a moderado en la salud y riesgo particular para grupos vulnerables como ni\u00f1os y adultos mayores; naranja, con un impacto moderado a alto; y roja, la m\u00e1s grave, que evidencia temperaturas extremadamente peligrosas para toda la poblaci\u00f3n.<\/p>\n<p>Ante esta situaci\u00f3n, el Ministerio de Salud recomienda mantener una hidrataci\u00f3n constante, evitando la exposici\u00f3n solar en horarios centrales (10 a 16 horas), prestar especial atenci\u00f3n a los sectores m\u00e1s vulnerables y reducir la actividad f\u00edsica. Adem\u00e1s, se aconseja consumir alimentos livianos como frutas y verduras, evitar bebidas con cafe\u00edna o alcohol, vestir ropa clara y ligera, usar protecci\u00f3n solar y permanecer en ambientes ventilados o climatizados.<\/p>\n<p>Es importante destacar que no existe un tratamiento farmacol\u00f3gico para el golpe de calor, por lo que estas medidas preventivas son fundamentales para minimizar los riesgos asociados a las temperaturas extremas.<\/p>\n","protected":false},"excerpt":{"rendered":"<p>El Servicio Meteorol\u00f3gico Nacional actualiz\u00f3 los avisos por calor intenso para este martes, afectando a varias regiones con riesgos variables para la salud. &nbsp; El Servicio Meteorol\u00f3gico Nacional (SMN) renov\u00f3 este martes las advertencias por altas temperaturas en varias provincias del pa\u00eds. Las zonas afectadas comprenden distritos de Buenos Aires, Santa Fe, Entre R\u00edos, Corrientes, [&hellip;]<\/p>\n","protected":false},"author":2,"featured_media":6499,"comment_status":"open","ping_status":"open","sticky":false,"template":"","format":"standard","meta":{"footnotes":""},"categories":[78],"tags":[],"class_list":{"0":"post-6498","1":"post","2":"type-post","3":"status-publish","4":"format-standard","5":"has-post-thumbnail","7":"category-generales"},"_links":{"self":[{"href":"https:\/\/elpueblonoticia.com.ar\/web\/wp-json\/wp\/v2\/posts\/6498","targetHints":{"allow":["GET"]}}],"collection":[{"href":"https:\/\/elpueblonoticia.com.ar\/web\/wp-json\/wp\/v2\/posts"}],"about":[{"href":"https:\/\/elpueblonoticia.com.ar\/web\/wp-json\/wp\/v2\/types\/post"}],"author":[{"embeddable":true,"href":"https:\/\/elpueblonoticia.com.ar\/web\/wp-json\/wp\/v2\/users\/2"}],"replies":[{"embeddable":true,"href":"https:\/\/elpueblonoticia.com.ar\/web\/wp-json\/wp\/v2\/comments?post=6498"}],"version-history":[{"count":1,"href":"https:\/\/elpueblonoticia.com.ar\/web\/wp-json\/wp\/v2\/posts\/6498\/revisions"}],"predecessor-version":[{"id":6500,"href":"https:\/\/elpueblonoticia.com.ar\/web\/wp-json\/wp\/v2\/posts\/6498\/revisions\/6500"}],"wp:featuredmedia":[{"embeddable":true,"href":"https:\/\/elpueblonoticia.com.ar\/web\/wp-json\/wp\/v2\/media\/6499"}],"wp:attachment":[{"href":"https:\/\/elpueblonoticia.com.ar\/web\/wp-json\/wp\/v2\/media?parent=6498"}],"wp:term":[{"taxonomy":"category","embeddable":true,"href":"https:\/\/elpueblonoticia.com.ar\/web\/wp-json\/wp\/v2\/categories?post=6498"},{"taxonomy":"post_tag","embeddable":true,"href":"https:\/\/elpueblonoticia.com.ar\/web\/wp-json\/wp\/v2\/tags?post=6498"}],"curies":[{"name":"wp","href":"https:\/\/api.w.org\/{rel}","templated":true}]}}