{"id":6494,"date":"2026-02-04T09:13:27","date_gmt":"2026-02-04T12:13:27","guid":{"rendered":"https:\/\/elpueblonoticia.com.ar\/web\/?p=6494"},"modified":"2026-02-04T09:13:27","modified_gmt":"2026-02-04T12:13:27","slug":"unne-se-encuentra-abierta-la-segunda-etapa-de-inscripciones","status":"publish","type":"post","link":"https:\/\/elpueblonoticia.com.ar\/web\/2026\/02\/04\/unne-se-encuentra-abierta-la-segunda-etapa-de-inscripciones\/","title":{"rendered":"UNNE: se encuentra abierta la segunda etapa de inscripciones"},"content":{"rendered":"<div id=\"modalIntrotext\">\n<div>El segundo periodo de inscripciones para el Ciclo Acad\u00e9mico 2026 ya est\u00e1 en marcha en el \u00e1mbito de las facultades e institutos de la Universidad Nacional del Nordeste, tanto en carreras de Chaco como de Corrientes. UNNE Medios ofrece un informe detallado de las ofertas de titulaciones de grado y pregrado que habilitan un segundo momento para la inscripci\u00f3n.<\/div>\n<div><\/div>\n<div><\/div>\n<div><\/div>\n<div>\n<div class=\"contenido\">\n<div><\/div>\n<div id=\"modalFulltext\">Desde la segunda mitad de enero comenzaron los segundos periodos de inscripciones en varias carreras de grado de facultades e institutos de la Universidad Nacional del Nordeste, a fin de recibir aspirantes a cursar el primer a\u00f1o durante el presente ciclo lectivo de 2026.<\/p>\n<p>En paralelo, algunas unidades acad\u00e9micas se encuentran iniciando esta semana los cursillos de ambientaci\u00f3n, a fin de reforzar el apoyo a los y las j\u00f3venes estudiantes en el proceso de adaptaci\u00f3n a las condiciones que exige la educaci\u00f3n superior.<\/p>\n<p>El cronograma del segundo periodo de inscripciones es el siguiente:<br \/>\nFacultad de Ciencias Econ\u00f3micas: arranc\u00f3 el pasado lunes 26 de enero y terminar\u00e1 este viernes 6 de febrero de 2026 en todas las carreras.<br \/>\nFacultad de Ciencias Exactas y Naturales y Agrimensura: inici\u00f3 el lunes 2 de febrero y se prolongar\u00e1 hasta el viernes 6 del mismo mes.<br \/>\nFacultad de Ingenier\u00eda: comenz\u00f3 tambi\u00e9n este lunes 2 de febrero y culminar\u00e1 el martes 10 de febrero de 2026.<br \/>\nFacultad de Ciencias Veterinarias; comenz\u00f3 el lunes 2 de febrero y se extender\u00e1 hasta el viernes 6 de marzo de 2026 \u00fanicamente para la carrera de Tecnicatura en<br \/>\nAdministraci\u00f3n de Empresas que se dicta en el Instituto de Administraci\u00f3n de Empresas Agropecuarias con sede en la ciudad de Curuz\u00fa Cuati\u00e1, provincia de Corrientes.<br \/>\nFacultad de Artes, Dise\u00f1o y Ciencias de la Cultura: desde este lunes 2 de febrero hasta el viernes 27 de febrero de 2026 para todas sus ofertas acad\u00e9micas.<br \/>\nIngresantes en Campus Resistencia<br \/>\nFacultad de Humanidades: comienza este martes 3 de febrero y se extender\u00e1 hasta el pr\u00f3ximo martes 10 de febrero de 2026.<br \/>\nFacultad de Derecho y Ciencias Sociales y Pol\u00edticas: comenzar\u00e1 el lunes 2 de marzo y se extender\u00e1 hasta el lunes 30 de marzo de 2026 \u00fanicamente para la carrera de Procuraci\u00f3n. Posteriormente, desde el lunes 1 de junio y hasta el viernes 31 de julio de 2026 comenzar\u00e1 la inscripci\u00f3n al Ciclo de complementaci\u00f3n de Notariado para Abogados, la carrera de Martillero P\u00fablico y Corredor de Comercio y a las Tecnicaturas en Gesti\u00f3n de la Administraci\u00f3n Central, en Gesti\u00f3n Parlamentaria, en Gesti\u00f3n Judicial y la de Gesti\u00f3n Municipal.<\/p><\/div>\n<div><\/div>\n<div><\/div>\n<div><\/div>\n<div>\nFacultad de Ciencias Agrarias: esta Unidad Acad\u00e9mica en tanto, ya complet\u00f3 el per\u00edodo que comenz\u00f3 el lunes 19 de enero de 2026 y finaliz\u00f3 el pasado viernes 30.<br \/>\nRequisitos para la inscripci\u00f3n<br \/>\nLos requisitos para el segundo periodo de inscripci\u00f3n al Ciclo Acad\u00e9mico 2026 son los mismos exigidos en el primero que finaliz\u00f3 en diciembre de 2025, y se realiza completamente de manera virtual.<\/p>\n<p>Los requisitos para el segundo periodo de inscripci\u00f3n al Ciclo Acad\u00e9mico 2026 son los mismos exigidos en el primero que finaliz\u00f3 en diciembre de 2025, y se realiza completamente de manera virtual.<\/p>\n<p>En el caso de que el aspirante posea usuario ALUMNO en el sistema SIU Guaran\u00ed (https:\/\/guarani3.unne.edu.ar\/g3w\/) debe ingresar a la opci\u00f3n Tr\u00e1mites &gt; Inscripci\u00f3n a Propuestas. Si no lo posee, o tiene usuario CURSOS o DOCENTE en el sistema SIU Guaran\u00ed debe ingresar en el sitio inscripciones.unne.edu.ar, debiendo adjuntar en todos casos la siguiente documentaci\u00f3n en formato digital:<\/p>\n<p>Estos son, el Documento Nacional de Identidad, anverso (frente) y reverso (atr\u00e1s), en un mismo archivo. En caso de ser extranjero sin DNI, deber\u00e1 presentar pasaporte, y si pertenece al MERCOSUR, C\u00e9dula de Identidad del MERCOSUR.<\/p>\n<p>Una fotograf\u00eda digital del o la aspirante (tipo DNI) 4 X 4 cent\u00edmetros de fondo blanco, mientras que no se aceptar\u00e1 el env\u00edo de una selfie (autorretrato digital).<\/p>\n<p>El t\u00edtulo de Nivel Medio original (digitalizado), o la constancia de t\u00edtulo en tr\u00e1mite o constancia de finalizaci\u00f3n de estudios secundarios, con la leyenda expresa \u00abno.<\/p>\n<p>Si al momento de la inscripci\u00f3n el o la aspirante no contase con algunos de los documentos solicitados, se deber\u00e1 presentar una constancia expedida por la Instituci\u00f3n donde finaliz\u00f3 el cursado del \u00faltimo ciclo de ense\u00f1anza secundaria, indicando la\/s asignatura\/s que adeuda;<\/p>\n<p>Una copia del carnet de Vacunaci\u00f3n (anverso y reverso) con la Doble Adulto bacteriana o Triple Bacteriana aplicada.<\/p>\n<p>Todos los archivos enviados para inscripci\u00f3n tendr\u00e1n el car\u00e1cter de Declaraci\u00f3n Jurada y estar\u00e1n sujetos a verificaci\u00f3n por la Unidad Acad\u00e9mica en la que se inscriban.<\/p>\n<p>Luego del tr\u00e1mite online a trav\u00e9s del SIU Guaran\u00ed con env\u00edo de los requisitos, cada Unidad Acad\u00e9mica podr\u00e1 confirmar mediante notificaci\u00f3n a la direcci\u00f3n de correo electr\u00f3nico declarada y con la cual se ha realizado el tr\u00e1mite, siendo desestimados los env\u00edos de documentaci\u00f3n fuera del plazo establecido para la inscripci\u00f3n.<\/p>\n<p>Si se observan archivos fallidos o ilegibles, la instituci\u00f3n reclamar\u00e1 su sustituci\u00f3n al\/la aspirante con un plazo de tiempo determinado. Cumplido el tiempo otorgado y en caso de no cumplimentar con lo requerido, se desestimar\u00e1 la postulaci\u00f3n.<\/p>\n<p>Para m\u00e1s informaci\u00f3n, se puede acceder al apartado Inscripciones en el sitio web de la UNNE.<\/p><\/div>\n<div>\n<div id=\"117986-4\"><\/div>\n<div id=\"117986-6\"><\/div>\n<div id=\"117986-3\"><\/div>\n<\/div>\n<\/div>\n<div class=\"modalRedes\"><\/div>\n<\/div>\n<\/div>\n","protected":false},"excerpt":{"rendered":"<p>El segundo periodo de inscripciones para el Ciclo Acad\u00e9mico 2026 ya est\u00e1 en marcha en el \u00e1mbito de las facultades e institutos de la Universidad Nacional del Nordeste, tanto en carreras de Chaco como de Corrientes. UNNE Medios ofrece un informe detallado de las ofertas de titulaciones de grado y pregrado que habilitan un segundo [&hellip;]<\/p>\n","protected":false},"author":2,"featured_media":6495,"comment_status":"open","ping_status":"open","sticky":false,"template":"","format":"standard","meta":{"footnotes":""},"categories":[78],"tags":[],"class_list":{"0":"post-6494","1":"post","2":"type-post","3":"status-publish","4":"format-standard","5":"has-post-thumbnail","7":"category-generales"},"_links":{"self":[{"href":"https:\/\/elpueblonoticia.com.ar\/web\/wp-json\/wp\/v2\/posts\/6494","targetHints":{"allow":["GET"]}}],"collection":[{"href":"https:\/\/elpueblonoticia.com.ar\/web\/wp-json\/wp\/v2\/posts"}],"about":[{"href":"https:\/\/elpueblonoticia.com.ar\/web\/wp-json\/wp\/v2\/types\/post"}],"author":[{"embeddable":true,"href":"https:\/\/elpueblonoticia.com.ar\/web\/wp-json\/wp\/v2\/users\/2"}],"replies":[{"embeddable":true,"href":"https:\/\/elpueblonoticia.com.ar\/web\/wp-json\/wp\/v2\/comments?post=6494"}],"version-history":[{"count":1,"href":"https:\/\/elpueblonoticia.com.ar\/web\/wp-json\/wp\/v2\/posts\/6494\/revisions"}],"predecessor-version":[{"id":6496,"href":"https:\/\/elpueblonoticia.com.ar\/web\/wp-json\/wp\/v2\/posts\/6494\/revisions\/6496"}],"wp:featuredmedia":[{"embeddable":true,"href":"https:\/\/elpueblonoticia.com.ar\/web\/wp-json\/wp\/v2\/media\/6495"}],"wp:attachment":[{"href":"https:\/\/elpueblonoticia.com.ar\/web\/wp-json\/wp\/v2\/media?parent=6494"}],"wp:term":[{"taxonomy":"category","embeddable":true,"href":"https:\/\/elpueblonoticia.com.ar\/web\/wp-json\/wp\/v2\/categories?post=6494"},{"taxonomy":"post_tag","embeddable":true,"href":"https:\/\/elpueblonoticia.com.ar\/web\/wp-json\/wp\/v2\/tags?post=6494"}],"curies":[{"name":"wp","href":"https:\/\/api.w.org\/{rel}","templated":true}]}}