{"id":6486,"date":"2026-02-04T08:56:17","date_gmt":"2026-02-04T11:56:17","guid":{"rendered":"https:\/\/elpueblonoticia.com.ar\/web\/?p=6486"},"modified":"2026-02-04T08:56:17","modified_gmt":"2026-02-04T11:56:17","slug":"la-motosierra-de-milei-arranca-el-ano-por-el-inta-sigue-con-las-becas-del-conicet-y-va-por-mas","status":"publish","type":"post","link":"https:\/\/elpueblonoticia.com.ar\/web\/2026\/02\/04\/la-motosierra-de-milei-arranca-el-ano-por-el-inta-sigue-con-las-becas-del-conicet-y-va-por-mas\/","title":{"rendered":"La motosierra de Milei arranca el a\u00f1o por el INTA, sigue con las becas del CONICET y va por m\u00e1s"},"content":{"rendered":"<div id=\"modalIntrotext\">\n<div>NA &#8211; Desde que asumi\u00f3 la nueva gesti\u00f3n, entre bajas, cesantes, renuncias y jubilaciones suman 878 hasta la fecha y se agregar\u00e1n en marzo 1700 retiros voluntarios.<\/div>\n<div><\/div>\n<div><\/div>\n<div>\n<div class=\"contenido\">\n<div id=\"modalFulltext\">Buenos Aires, 3 de febrero de 2026 (NA) &#8212; Luego del paso dado por el Gobierno Nacional en mayo, mediante el decreto 462\/2025 que transform\u00f3 al Instituto Nacional de Tecnolog\u00eda Agropecuaria (INTA) de aut\u00e1rquico en organismo desconcentrado, independiente de la Secretar\u00eda de Agricultura, Ganader\u00eda y Pesca del Ministerio de Econom\u00eda, el Consejo Directivo (CD) aprob\u00f3 la semana pasada la venta de la mitad de sus tierras y la aplicaci\u00f3n de un plan de retiros voluntarios que busca recortar 1.700 puestos.<\/p>\n<p>La decisi\u00f3n se enmarc\u00f3 en una serie de medidas clave que forman parte del \u201cproceso de reestructuraci\u00f3n\u201d, pudo saber la agencia Noticias Argentinas.<\/p>\n<p>Entre los puntos centrales se habl\u00f3 de definir el lanzamiento de un programa de retiros voluntarios que podr\u00eda empezar a regir a partir del 1\u00b0 de marzo pr\u00f3ximo.<\/p>\n<p>Para ello, el Consejo Directivo instruy\u00f3 a la Direcci\u00f3n General de Administraci\u00f3n (DGA) para que elabore el plan y lo eleve al CD para su an\u00e1lisis y eventual aprobaci\u00f3n en la pr\u00f3xima reuni\u00f3n.<\/p>\n<p>Entidades que integran el Consejo manifestaron su preocupaci\u00f3n por la posible p\u00e9rdida de cuadros t\u00e9cnicos formados dentro del INTA, y por ese motivo solicitaron que el esquema de retiros se instrumente a trav\u00e9s de un programa espec\u00edfico, con el objetivo de que la medida no afecte el funcionamiento ni el rol t\u00e9cnico del organismo.<\/p>\n<p><b>Representaci\u00f3n<\/b><\/p>\n<div>\nEl Consejo tiene tres representantes del Ejecutivo, uno de las facultades de Ciencias Veterinarias de las universidades nacionales y otro de las facultades de Agronom\u00eda, y cinco miembros de asociaciones de productores: la Asociaci\u00f3n Argentina de Consorcios Regionales de Experimentaci\u00f3n Agr\u00edcola (Aacrea), Confederaciones Rurales Argentinas (CRA), la Federaci\u00f3n Agraria Argentina (FAA), la Sociedad Rural Argentina (SRA) y la Confederaci\u00f3n Intercooperativa Agropecuaria Cooperativa Limitada (Coninagro).<\/p>\n<p>De acuerdo con los n\u00fameros que maneja la Asociaci\u00f3n de Trabajadores del Estado (ATE), en el INTA se contabilizan 5791 empleados, y la intenci\u00f3n del Gobierno ser\u00eda que queden 4.000.<\/p>\n<p>Desde que asumi\u00f3 la nueva gesti\u00f3n, entre bajas, retiros voluntarios, cesantes, renuncias y jubilaciones suman 878 hasta la fecha.<\/p>\n<p>Sin embargo, los \u00faltimos datos oficiales, correspondientes a marzo de 2025, indican que el INTA tiene 6.389 empleados, en su mayor\u00eda, personal en convenio colectivo de trabajo.<\/p>\n<p>En noviembre de 2023, \u00faltimo mes completo de la gesti\u00f3n del Frente de Todos, hab\u00eda 6.790 empleados.<\/p>\n<p><b>Ecorregiones<\/b><\/div>\n<div>\nEl personal se desempe\u00f1a en las cinco ecorregiones de la Argentina -Noroeste, Nordeste, Cuyo, Pampeana y Patagonia-, donde est\u00e1n distribuidos las diferentes sedes, entre los que se cuentan 15 Centros Regionales, 52 Estaciones Experimentales Agropecuarias, 359 Unidades de Extensi\u00f3n y 6 Centros de Investigaci\u00f3n con 22 Institutos.<\/p>\n<p>El INTA fue creado en diciembre de 1956 durante el gobierno de facto de Pedro Eugenio Aramburu, y su primer presidente fue el ingeniero agr\u00f3nomo Marcelo Lernoud.<\/p>\n<p>A finales del a\u00f1o pasado, el presidente del INTA, Nicol\u00e1s Bronzovich, junto a otros representantes de la Secretar\u00eda de Agricultura, present\u00f3 un plan de achique del ente a la Mesa de Enlace.<\/p>\n<p>Se trataba de una hoja de ruta organizada en siete ejes generales y con una agenda de trabajo que se extender\u00eda hasta abril de 2026.<\/p>\n<p>El plan incluye la revisi\u00f3n de m\u00e1s de 200 programas y l\u00edneas de trabajo para definir continuidades, reformulaciones o cierres y una reorganizaci\u00f3n de la estructura interna.<\/p>\n<p>Ese programa oficial propone revisar los 15 centros regionales actuales y avanzar hacia su fusi\u00f3n en cuatro o cinco macrorregiones administrativas, adem\u00e1s de evaluar el funcionamiento de estaciones experimentales y agencias para detectar superposiciones y trabajar la eficiencia operativa, sin definir cierres autom\u00e1ticos.<\/p>\n<p>Tambi\u00e9n est\u00e1 la intenci\u00f3n de dar de baja a todas las cooperadoras vinculadas al INTA, aunque sin precisiones operativas adicionales por el momento, seg\u00fan se conoci\u00f3.<\/p>\n<p><b>Siete predios para vender<\/b><\/div>\n<div>\nEl Gobierno busca \u201cdesafectar\u201d 33.836 hect\u00e1reas de tierras que, seg\u00fan una auditor\u00eda oficial, se encuentran actualmente \u201cen desuso\u201d.<\/p>\n<p>Se identificaron siete predios que el Gobierno busca vender.<\/p>\n<p>Uno de ellos corresponde al AMBA y quedar\u00eda a disposici\u00f3n de la Agencia de Administraci\u00f3n de Bienes del Estado (AABE), con destino a\u00fan no definido.<\/p>\n<p>Los otros seis predios deber\u00e1n ser previamente evaluados por los Consejos Regionales y se ubican en las regiones de Catamarca; Chaco-Formosa; Buenos Aires Norte; Mendoza; Patagonia Norte y Santiago del Estero.<\/p>\n<p>En estos casos, se anticip\u00f3 un mecanismo similar al del AMBA, que incluir\u00eda traslados de personal y se aclar\u00f3 que varios de los terrenos son campos anexos.<\/p>\n<p>\u00c1reas de investigaci\u00f3n<\/p><\/div>\n<div>\nEl presidente del CONICET, Daniel Salamone, ofreci\u00f3 su mirada sobre la actual situaci\u00f3n de ajuste que implementa el Gobierno nacional sobre el sector de ciencia y tecnolog\u00eda, y dijo que \u201cvamos a considerar las \u00e1reas de investigaci\u00f3n que tengan impacto\u201d.<\/p>\n<p>Adelant\u00f3 que en 2026 el Gobierno de Javier Milei mantendr\u00e1 el ajuste sobre los ingresos a carreras del organismo en cifras similares a 2025.<\/p>\n<p>Respald\u00f3 el nuevo Programa de Apoyo a la Investigaci\u00f3n Cient\u00edfica que reemplaz\u00f3 a la hist\u00f3rica convocatoria PICT, y dijo que en 2026 se mantendr\u00e1 el ingreso de 400 postulantes y 1.800 becas.<\/p>\n<p>#AgenciaNA<\/p><\/div>\n<\/div>\n<div>\n<div id=\"117986-4\"><\/div>\n<div id=\"117986-6\"><\/div>\n<div id=\"117986-3\"><\/div>\n<\/div>\n<\/div>\n<div class=\"modalRedes\"><\/div>\n<\/div>\n<\/div>\n","protected":false},"excerpt":{"rendered":"<p>NA &#8211; Desde que asumi\u00f3 la nueva gesti\u00f3n, entre bajas, cesantes, renuncias y jubilaciones suman 878 hasta la fecha y se agregar\u00e1n en marzo 1700 retiros voluntarios. Buenos Aires, 3 de febrero de 2026 (NA) &#8212; Luego del paso dado por el Gobierno Nacional en mayo, mediante el decreto 462\/2025 que transform\u00f3 al Instituto Nacional [&hellip;]<\/p>\n","protected":false},"author":2,"featured_media":6487,"comment_status":"open","ping_status":"open","sticky":false,"template":"","format":"standard","meta":{"footnotes":""},"categories":[64],"tags":[],"class_list":{"0":"post-6486","1":"post","2":"type-post","3":"status-publish","4":"format-standard","5":"has-post-thumbnail","7":"category-nacionales"},"_links":{"self":[{"href":"https:\/\/elpueblonoticia.com.ar\/web\/wp-json\/wp\/v2\/posts\/6486","targetHints":{"allow":["GET"]}}],"collection":[{"href":"https:\/\/elpueblonoticia.com.ar\/web\/wp-json\/wp\/v2\/posts"}],"about":[{"href":"https:\/\/elpueblonoticia.com.ar\/web\/wp-json\/wp\/v2\/types\/post"}],"author":[{"embeddable":true,"href":"https:\/\/elpueblonoticia.com.ar\/web\/wp-json\/wp\/v2\/users\/2"}],"replies":[{"embeddable":true,"href":"https:\/\/elpueblonoticia.com.ar\/web\/wp-json\/wp\/v2\/comments?post=6486"}],"version-history":[{"count":1,"href":"https:\/\/elpueblonoticia.com.ar\/web\/wp-json\/wp\/v2\/posts\/6486\/revisions"}],"predecessor-version":[{"id":6488,"href":"https:\/\/elpueblonoticia.com.ar\/web\/wp-json\/wp\/v2\/posts\/6486\/revisions\/6488"}],"wp:featuredmedia":[{"embeddable":true,"href":"https:\/\/elpueblonoticia.com.ar\/web\/wp-json\/wp\/v2\/media\/6487"}],"wp:attachment":[{"href":"https:\/\/elpueblonoticia.com.ar\/web\/wp-json\/wp\/v2\/media?parent=6486"}],"wp:term":[{"taxonomy":"category","embeddable":true,"href":"https:\/\/elpueblonoticia.com.ar\/web\/wp-json\/wp\/v2\/categories?post=6486"},{"taxonomy":"post_tag","embeddable":true,"href":"https:\/\/elpueblonoticia.com.ar\/web\/wp-json\/wp\/v2\/tags?post=6486"}],"curies":[{"name":"wp","href":"https:\/\/api.w.org\/{rel}","templated":true}]}}