{"id":6482,"date":"2026-02-04T08:48:23","date_gmt":"2026-02-04T11:48:23","guid":{"rendered":"https:\/\/elpueblonoticia.com.ar\/web\/?p=6482"},"modified":"2026-02-04T08:48:23","modified_gmt":"2026-02-04T11:48:23","slug":"nuevo-dni-y-pasaporte-en-corrientes-los-cambios-y-cuando-empiezan-a-entregarse","status":"publish","type":"post","link":"https:\/\/elpueblonoticia.com.ar\/web\/2026\/02\/04\/nuevo-dni-y-pasaporte-en-corrientes-los-cambios-y-cuando-empiezan-a-entregarse\/","title":{"rendered":"Nuevo DNI y pasaporte en Corrientes: los cambios y cu\u00e1ndo empiezan a entregarse"},"content":{"rendered":"<div class=\"article__headline\"><strong>El Registro Civil provincial confirm\u00f3 que el 1\u00b0 de febrero entr\u00f3 en vigencia el nuevo modelo de documentaci\u00f3n nacional. Qu\u00e9 pasa con los documentos actuales.<\/strong><\/div>\n<p>&nbsp;<\/p>\n<p>El sistema de identificaci\u00f3n nacional inici\u00f3 un proceso de modernizaci\u00f3n profunda. El director del\u00a0<strong>Registro Civil de Corrientes<\/strong>,\u00a0<strong>Pablo Cano<\/strong>, confirm\u00f3 que desde este mes rigen nuevas normativas para la emisi\u00f3n del\u00a0<strong>DNI<\/strong>\u00a0y el\u00a0<strong>pasaporte<\/strong>, alineadas con est\u00e1ndares de la Organizaci\u00f3n de Aviaci\u00f3n Civil Internacional.<\/p>\n<p>El objetivo central es blindar la identidad de los ciudadanos frente a los avances de la\u00a0<strong>inteligencia artificial<\/strong>\u00a0y posibles fraudes tecnol\u00f3gicos.<\/p>\n<p>&#8220;Recibimos la comunicaci\u00f3n de Renaper el \u00faltimo fin de semana. Si bien sab\u00edamos que el cambio llegar\u00eda, la disposici\u00f3n se activ\u00f3 el viernes 29 de enero&#8221;, explic\u00f3 Cano.<\/p>\n<p>El funcionario se\u00f1al\u00f3 que la provincia ya est\u00e1 adaptando los equipos tecnol\u00f3gicos en las distintas localidades para procesar los nuevos formatos, aunque aclar\u00f3 que la entrega f\u00edsica de los nuevos modelos comenzar\u00e1 una vez que se agote el stock de materiales actuales en la f\u00e1brica nacional.<\/p>\n<h2><strong>Seguridad contra el fraude digital<\/strong><\/h2>\n<p>La principal raz\u00f3n de este cambio radica en la vulnerabilidad de los sistemas antiguos ante las nuevas herramientas de falsificaci\u00f3n digital. El nuevo pasaporte, por ejemplo, incorporar\u00e1 una hoja de\u00a0<strong>policarbonato<\/strong>\u00a0con datos personales, un material mucho m\u00e1s dif\u00edcil de alterar.<\/p>\n<p>En cuanto al\u00a0<strong>DNI<\/strong>, las modificaciones ser\u00e1n visibles y t\u00e1ctiles: &#8220;Tendr\u00e1 datos sobre relieve, la foto en tres partes y el mapa de la Rep\u00fablica Argentina Bicontinental. En el reverso se incluir\u00e1n im\u00e1genes del Monumento a la Bandera y las Islas Malvinas, adem\u00e1s de un c\u00f3digo QR para validaci\u00f3n r\u00e1pida&#8221;, detall\u00f3 el director del Registro Civil.<\/p>\n<h2><strong>Vigencia y transici\u00f3n de los documentos<\/strong><\/h2>\n<p>Para llevar tranquilidad a la poblaci\u00f3n, Cano fue enf\u00e1tico al aclarar que no es necesario renovar el documento de forma inmediata. &#8220;Todos los DNI y pasaportes actuales son\u00a0<strong>v\u00e1lidos hasta la fecha de vigencia<\/strong>\u00a0que figura en el pl\u00e1stico o la libreta. Si alguien sac\u00f3 su pasaporte el mes pasado, tiene 10 a\u00f1os de vigencia por delante&#8221;, remarc\u00f3 radio La Red Corrientes.<\/p>\n<p>En Corrientes, la toma de tr\u00e1mites con la nueva tecnolog\u00eda se ir\u00e1 habilitando de manera progresiva. Durante esta semana, se estima que los documentos que lleguen a los domicilios de los correntinos seguir\u00e1n siendo del formato anterior hasta que el\u00a0<strong>Renaper<\/strong>\u00a0agote sus insumos existentes. Debido a la alta demanda estacional, se espera que la transici\u00f3n al nuevo dise\u00f1o sea r\u00e1pida en todo el pa\u00eds.<\/p>\n","protected":false},"excerpt":{"rendered":"<p>El Registro Civil provincial confirm\u00f3 que el 1\u00b0 de febrero entr\u00f3 en vigencia el nuevo modelo de documentaci\u00f3n nacional. Qu\u00e9 pasa con los documentos actuales. &nbsp; El sistema de identificaci\u00f3n nacional inici\u00f3 un proceso de modernizaci\u00f3n profunda. El director del\u00a0Registro Civil de Corrientes,\u00a0Pablo Cano, confirm\u00f3 que desde este mes rigen nuevas normativas para la emisi\u00f3n [&hellip;]<\/p>\n","protected":false},"author":2,"featured_media":6483,"comment_status":"open","ping_status":"open","sticky":false,"template":"","format":"standard","meta":{"footnotes":""},"categories":[78],"tags":[],"class_list":{"0":"post-6482","1":"post","2":"type-post","3":"status-publish","4":"format-standard","5":"has-post-thumbnail","7":"category-generales"},"_links":{"self":[{"href":"https:\/\/elpueblonoticia.com.ar\/web\/wp-json\/wp\/v2\/posts\/6482","targetHints":{"allow":["GET"]}}],"collection":[{"href":"https:\/\/elpueblonoticia.com.ar\/web\/wp-json\/wp\/v2\/posts"}],"about":[{"href":"https:\/\/elpueblonoticia.com.ar\/web\/wp-json\/wp\/v2\/types\/post"}],"author":[{"embeddable":true,"href":"https:\/\/elpueblonoticia.com.ar\/web\/wp-json\/wp\/v2\/users\/2"}],"replies":[{"embeddable":true,"href":"https:\/\/elpueblonoticia.com.ar\/web\/wp-json\/wp\/v2\/comments?post=6482"}],"version-history":[{"count":1,"href":"https:\/\/elpueblonoticia.com.ar\/web\/wp-json\/wp\/v2\/posts\/6482\/revisions"}],"predecessor-version":[{"id":6484,"href":"https:\/\/elpueblonoticia.com.ar\/web\/wp-json\/wp\/v2\/posts\/6482\/revisions\/6484"}],"wp:featuredmedia":[{"embeddable":true,"href":"https:\/\/elpueblonoticia.com.ar\/web\/wp-json\/wp\/v2\/media\/6483"}],"wp:attachment":[{"href":"https:\/\/elpueblonoticia.com.ar\/web\/wp-json\/wp\/v2\/media?parent=6482"}],"wp:term":[{"taxonomy":"category","embeddable":true,"href":"https:\/\/elpueblonoticia.com.ar\/web\/wp-json\/wp\/v2\/categories?post=6482"},{"taxonomy":"post_tag","embeddable":true,"href":"https:\/\/elpueblonoticia.com.ar\/web\/wp-json\/wp\/v2\/tags?post=6482"}],"curies":[{"name":"wp","href":"https:\/\/api.w.org\/{rel}","templated":true}]}}