{"id":6478,"date":"2026-02-04T08:39:07","date_gmt":"2026-02-04T11:39:07","guid":{"rendered":"https:\/\/elpueblonoticia.com.ar\/web\/?p=6478"},"modified":"2026-02-04T08:39:07","modified_gmt":"2026-02-04T11:39:07","slug":"el-comisario-inspector-ernesto-montiel-asumio-la-jefatura-de-la-comisaria-de-santa-lucia","status":"publish","type":"post","link":"https:\/\/elpueblonoticia.com.ar\/web\/2026\/02\/04\/el-comisario-inspector-ernesto-montiel-asumio-la-jefatura-de-la-comisaria-de-santa-lucia\/","title":{"rendered":"El comisario inspector Ernesto Montiel asumi\u00f3 la jefatura de la comisar\u00eda de Santa Luc\u00eda"},"content":{"rendered":"<div id=\"modalIntrotext\">\n<div><img decoding=\"async\" src=\"https:\/\/www.powernoticias.com\/images\/202602031936279044\" \/><\/div>\n<div><img decoding=\"async\" src=\"https:\/\/www.powernoticias.com\/images\/202602031936565853\" \/><\/div>\n<div>Con una ceremonia interna realizada en la ma\u00f1ana del lunes, se formaliz\u00f3 la puesta en funciones del nuevo jefe de la comisar\u00eda de distrito de Santa Luc\u00eda. El acto fue presidido por el director general de coordinaci\u00f3n e interior, comisario general H\u00e9ctor Daniel Gauna, quien estuvo acompa\u00f1ado por el director de la Unidad Regional II, comisario mayor Valent\u00edn Morales.<\/div>\n<div><\/div>\n<div><\/div>\n<div>\n<div class=\"contenido\">\n<div id=\"modalFulltext\">Tras la lectura del memor\u00e1ndum interno de la Jefatura de Polic\u00eda, el comisario inspector Ernesto Montiel asumi\u00f3 oficialmente su cargo. El nuevo jefe se dirigi\u00f3 a su personal subordinado solicitando el m\u00e1ximo compromiso bajo la f\u00f3rmula de pr\u00e1ctica: &#8220;abnegaci\u00f3n y correcci\u00f3n&#8221;.<\/p>\n<p>El comisario Inspector Montiel llega a Santa Luc\u00eda tras desempe\u00f1arse como jefe de la comisar\u00eda distrito de Lavalle. En esta nueva gesti\u00f3n, contar\u00e1 con el apoyo del oficial principal Alejandro Castillo, quien cumplir\u00e1 funciones como segundo jefe de la dependencia.<\/p>\n<p>En la ma\u00f1ana del martes, fueron recibidos en audiencia protocolar por el intendente de esa ciudad, Norberto Villordo.<\/p>\n<p>Esta rotaci\u00f3n de autoridades busca fortalecer las estrategias de seguridad en la regi\u00f3n.- comunidad.<\/p><\/div>\n<div>\n<div id=\"117986-4\"><\/div>\n<div id=\"117986-6\"><\/div>\n<div id=\"117986-3\"><\/div>\n<\/div>\n<\/div>\n<div class=\"modalRedes\"><\/div>\n<\/div>\n<\/div>\n","protected":false},"excerpt":{"rendered":"<p>Con una ceremonia interna realizada en la ma\u00f1ana del lunes, se formaliz\u00f3 la puesta en funciones del nuevo jefe de la comisar\u00eda de distrito de Santa Luc\u00eda. El acto fue presidido por el director general de coordinaci\u00f3n e interior, comisario general H\u00e9ctor Daniel Gauna, quien estuvo acompa\u00f1ado por el director de la Unidad Regional II, [&hellip;]<\/p>\n","protected":false},"author":2,"featured_media":6479,"comment_status":"open","ping_status":"open","sticky":false,"template":"","format":"standard","meta":{"footnotes":""},"categories":[78],"tags":[],"class_list":{"0":"post-6478","1":"post","2":"type-post","3":"status-publish","4":"format-standard","5":"has-post-thumbnail","7":"category-generales"},"_links":{"self":[{"href":"https:\/\/elpueblonoticia.com.ar\/web\/wp-json\/wp\/v2\/posts\/6478","targetHints":{"allow":["GET"]}}],"collection":[{"href":"https:\/\/elpueblonoticia.com.ar\/web\/wp-json\/wp\/v2\/posts"}],"about":[{"href":"https:\/\/elpueblonoticia.com.ar\/web\/wp-json\/wp\/v2\/types\/post"}],"author":[{"embeddable":true,"href":"https:\/\/elpueblonoticia.com.ar\/web\/wp-json\/wp\/v2\/users\/2"}],"replies":[{"embeddable":true,"href":"https:\/\/elpueblonoticia.com.ar\/web\/wp-json\/wp\/v2\/comments?post=6478"}],"version-history":[{"count":1,"href":"https:\/\/elpueblonoticia.com.ar\/web\/wp-json\/wp\/v2\/posts\/6478\/revisions"}],"predecessor-version":[{"id":6480,"href":"https:\/\/elpueblonoticia.com.ar\/web\/wp-json\/wp\/v2\/posts\/6478\/revisions\/6480"}],"wp:featuredmedia":[{"embeddable":true,"href":"https:\/\/elpueblonoticia.com.ar\/web\/wp-json\/wp\/v2\/media\/6479"}],"wp:attachment":[{"href":"https:\/\/elpueblonoticia.com.ar\/web\/wp-json\/wp\/v2\/media?parent=6478"}],"wp:term":[{"taxonomy":"category","embeddable":true,"href":"https:\/\/elpueblonoticia.com.ar\/web\/wp-json\/wp\/v2\/categories?post=6478"},{"taxonomy":"post_tag","embeddable":true,"href":"https:\/\/elpueblonoticia.com.ar\/web\/wp-json\/wp\/v2\/tags?post=6478"}],"curies":[{"name":"wp","href":"https:\/\/api.w.org\/{rel}","templated":true}]}}