{"id":6474,"date":"2026-02-04T08:32:32","date_gmt":"2026-02-04T11:32:32","guid":{"rendered":"https:\/\/elpueblonoticia.com.ar\/web\/?p=6474"},"modified":"2026-02-04T08:32:32","modified_gmt":"2026-02-04T11:32:32","slug":"se-pone-en-marcha-la-copa-libertadores-2026-todo-lo-que-hay-que-saber-del-torneo-mas-prestigioso-del-continente","status":"publish","type":"post","link":"https:\/\/elpueblonoticia.com.ar\/web\/2026\/02\/04\/se-pone-en-marcha-la-copa-libertadores-2026-todo-lo-que-hay-que-saber-del-torneo-mas-prestigioso-del-continente\/","title":{"rendered":"Se pone en marcha la Copa Libertadores 2026: todo lo que hay que saber del torneo m\u00e1s prestigioso del continente"},"content":{"rendered":"<div class=\"article-body__subheadline\"><strong>La Copa Libertadores 2026 pone primera esta semana con el inicio de la Fase 1, que se disputar\u00e1 entre martes y jueves y dar\u00e1 comienzo al camino rumbo a la fase de grupos, con cruces decisivos entre equipos de seis pa\u00edses sudamericanos en busca de la Gloria Eterna.<\/strong><\/div>\n<p>&nbsp;<\/p>\n<p class=\"article-body__paragraph\">La\u00a0<strong>Copa Libertadores<\/strong><strong>\u00a02026<\/strong>, el torneo continental m\u00e1s prestigioso de Sudam\u00e9rica,\u00a0<strong>comienza formalmente este martes<\/strong>\u00a0con el inicio de la\u00a0<strong>Fase 1<\/strong>\u00a0que corresponde a la primera instancia previa del certamen.<\/p>\n<p class=\"article-body__paragraph\">Tras el sorteo realizado el a\u00f1o pasado, quedaron definidos los cruces, junto con las fechas y horarios para los encuentros que marcar\u00e1n el punto de partida hacia la fase de grupos.<\/p>\n<div>\n<h2 class=\"article-body__heading-h2\"><strong>Comienza la Copa Libertadores 2026<\/strong><\/h2>\n<p class=\"article-body__paragraph\">El\u00a0<strong>primer partido<\/strong>\u00a0de esta etapa se disputar\u00e1\u00a0<strong>este martes<\/strong>, cuando\u00a0<strong>The Strongest reciba a Deportivo T\u00e1chira<\/strong>\u00a0desde las 21:30 (hora argentina), en el marco de la serie E1.<\/p>\n<p class=\"article-body__paragraph\">El ganador de esta llave avanzar\u00e1 a la Fase 2 y se sumar\u00e1 al grupo de equipos que ya esperan en la siguiente ronda del torneo continental, en busca de un lugar entre los 32 mejores.<\/p>\n<p class=\"article-body__paragraph\">La Fase 1 est\u00e1 integrada por tres cruces eliminatorios a partidos de ida y vuelta. Posteriormente, la Fase 2 contar\u00e1 con ocho series, mientras que la Fase 3 estar\u00e1 compuesta por cuatro llaves decisivas.\u00a0<strong>Los equipos que logren imponerse en esta \u00faltima instancia acceder\u00e1n a la fase de grupos de la Copa Libertadores 2026 y formar\u00e1n parte del bombo 4 en el sorteo principal<\/strong>.<\/p>\n<p class=\"article-body__paragraph\">Por su parte,\u00a0<strong>los cuatro clubes que queden eliminados en la Fase 3<\/strong>\u00a0no se despedir\u00e1n de las competencias internacionales, ya que\u00a0<strong>ser\u00e1n transferidos a la fase de grupos de la Copa Sudamericana, tambi\u00e9n integrando el bombo 4 de ese certamen<\/strong>.<\/p>\n<p class=\"article-body__paragraph\">La actividad de la Fase 1 continuar\u00e1 el mi\u00e9rcoles, cuando\u00a0<strong>2 de Mayo se mida ante Alianza Lima<\/strong>, mientras que el jueves ser\u00e1 el turno del cruce entre\u00a0<strong>Juventud de Las Piedras y Universidad Cat\u00f3lica<\/strong>, completando as\u00ed el programa de esta primera semana de competencia.<\/p>\n<p class=\"article-body__paragraph\">Todos los pa\u00edses cuentan con dos representantes en las fases preliminares, con la excepci\u00f3n de Argentina, que no tendr\u00e1 equipos comenzando desde esta instancia. Bolivia, Ecuador, Per\u00fa, Paraguay, Uruguay y Venezuela ser\u00e1n las federaciones con clubes en la Fase 1, en un arranque que marca el primer paso rumbo a la Gloria Eterna y a una nueva edici\u00f3n de la Copa Libertadores.<\/p>\n<\/div>\n<div class=\"s2s_supra_contenedor lang_directon_right s2sdefault  align_left  s2s_balloon_bottom \">\n<div class=\"s2s_contenedor  s2s_no_text  s2s-btn-group\">\n<div class=\"s2s_twitter s2s_btn s2s-btn-xs \">\n<div class=\"globo s2s_globo_closed s2s_twitter_iframe\"><\/div>\n<\/div>\n<div class=\"s2s_facebook s2s_btn s2s-btn-xs \">\n<div class=\"globo s2s_globo_closed s2s_facebook_iframe\"><\/div>\n<\/div>\n<div class=\"s2s_wapp s2s_btn s2s-btn-xs  \">\n<div class=\"globo s2s_globo_closed s2s_wapp_iframe\"><\/div>\n<\/div>\n<\/div>\n<div class=\"s2s_credits_wrapper\"><\/div>\n<\/div>\n","protected":false},"excerpt":{"rendered":"<p>La Copa Libertadores 2026 pone primera esta semana con el inicio de la Fase 1, que se disputar\u00e1 entre martes y jueves y dar\u00e1 comienzo al camino rumbo a la fase de grupos, con cruces decisivos entre equipos de seis pa\u00edses sudamericanos en busca de la Gloria Eterna. &nbsp; La\u00a0Copa Libertadores\u00a02026, el torneo continental m\u00e1s [&hellip;]<\/p>\n","protected":false},"author":2,"featured_media":6475,"comment_status":"open","ping_status":"open","sticky":false,"template":"","format":"standard","meta":{"footnotes":""},"categories":[76],"tags":[],"class_list":{"0":"post-6474","1":"post","2":"type-post","3":"status-publish","4":"format-standard","5":"has-post-thumbnail","7":"category-deportes"},"_links":{"self":[{"href":"https:\/\/elpueblonoticia.com.ar\/web\/wp-json\/wp\/v2\/posts\/6474","targetHints":{"allow":["GET"]}}],"collection":[{"href":"https:\/\/elpueblonoticia.com.ar\/web\/wp-json\/wp\/v2\/posts"}],"about":[{"href":"https:\/\/elpueblonoticia.com.ar\/web\/wp-json\/wp\/v2\/types\/post"}],"author":[{"embeddable":true,"href":"https:\/\/elpueblonoticia.com.ar\/web\/wp-json\/wp\/v2\/users\/2"}],"replies":[{"embeddable":true,"href":"https:\/\/elpueblonoticia.com.ar\/web\/wp-json\/wp\/v2\/comments?post=6474"}],"version-history":[{"count":1,"href":"https:\/\/elpueblonoticia.com.ar\/web\/wp-json\/wp\/v2\/posts\/6474\/revisions"}],"predecessor-version":[{"id":6476,"href":"https:\/\/elpueblonoticia.com.ar\/web\/wp-json\/wp\/v2\/posts\/6474\/revisions\/6476"}],"wp:featuredmedia":[{"embeddable":true,"href":"https:\/\/elpueblonoticia.com.ar\/web\/wp-json\/wp\/v2\/media\/6475"}],"wp:attachment":[{"href":"https:\/\/elpueblonoticia.com.ar\/web\/wp-json\/wp\/v2\/media?parent=6474"}],"wp:term":[{"taxonomy":"category","embeddable":true,"href":"https:\/\/elpueblonoticia.com.ar\/web\/wp-json\/wp\/v2\/categories?post=6474"},{"taxonomy":"post_tag","embeddable":true,"href":"https:\/\/elpueblonoticia.com.ar\/web\/wp-json\/wp\/v2\/tags?post=6474"}],"curies":[{"name":"wp","href":"https:\/\/api.w.org\/{rel}","templated":true}]}}