{"id":6469,"date":"2026-02-04T08:27:40","date_gmt":"2026-02-04T11:27:40","guid":{"rendered":"https:\/\/elpueblonoticia.com.ar\/web\/?p=6469"},"modified":"2026-02-04T08:27:40","modified_gmt":"2026-02-04T11:27:40","slug":"inseguridad-rural-la-costa-del-rio-uruguay-es-la-zona-mas-afectada-por-el-abigeato","status":"publish","type":"post","link":"https:\/\/elpueblonoticia.com.ar\/web\/2026\/02\/04\/inseguridad-rural-la-costa-del-rio-uruguay-es-la-zona-mas-afectada-por-el-abigeato\/","title":{"rendered":"Inseguridad rural: la costa del r\u00edo Uruguay es la zona m\u00e1s afectada por el abigeato"},"content":{"rendered":"<div id=\"modalIntrotext\">\n<div>El ministro de Seguridad de Corrientes Ad\u00e1n Gaya habl\u00f3 con LT7 Radio Provincia sobre c\u00f3mo el Gobierno de Corrientes refuerza el trabajo conjunto con fuerzas federales para contener delitos rurales y urbanos. El funcionario inform\u00f3 que mantuvo una reuni\u00f3n con la ministra de Seguridad de la Naci\u00f3n, Alejandra Monteoliva, en la que analizaron la agenda conjunta en materia de seguridad y la consolidaci\u00f3n de una mesa de trabajo permanente.<\/div>\n<div><\/div>\n<div>\n<div class=\"contenido\">\n<div id=\"modalFulltext\">El ministro de Seguridad de Corrientes, Ad\u00e1n Gaya, advirti\u00f3 que la costa del r\u00edo Uruguay es actualmente la zona m\u00e1s afectada por el delito de abigeato en la provincia y destac\u00f3 la necesidad de profundizar el trabajo coordinado con las fuerzas federales para enfrentar la problem\u00e1tica.<\/p>\n<p>En di\u00e1logo con Radio LT7 de Corrientes, el funcionario inform\u00f3 que mantuvo una reuni\u00f3n con la ministra de Seguridad de la Naci\u00f3n, Alejandra Monteoliva, en la que analizaron la agenda conjunta en materia de seguridad y la consolidaci\u00f3n de una mesa de trabajo permanente. Seg\u00fan explic\u00f3, el objetivo central es fortalecer la planificaci\u00f3n y la articulaci\u00f3n entre Naci\u00f3n y Provincia, especialmente en \u00e1reas sensibles como las zonas de frontera.<\/p>\n<p>Gaya se\u00f1al\u00f3 que el trabajo coordinado se concentra en puntos estrat\u00e9gicos como la costa del r\u00edo Paran\u00e1, la costa del r\u00edo Uruguay y las \u00e1reas lim\u00edtrofes con provincias vecinas, donde existe un alto flujo de circulaci\u00f3n y mayor vulnerabilidad delictiva. En ese marco, remarc\u00f3 que la regi\u00f3n del r\u00edo Uruguay presenta los mayores niveles de abigeato.<\/p>\n<p>Como ejemplo del impacto positivo de la articulaci\u00f3n interjurisdiccional, el ministro mencion\u00f3 la experiencia desarrollada en Santo Tom\u00e9 y zonas aleda\u00f1as, donde durante los \u00faltimos meses se implement\u00f3 una prueba piloto con participaci\u00f3n de fuerzas federales. De acuerdo a los datos oficiales, esa estrategia permiti\u00f3 reducir el delito rural en aproximadamente un 70% en un per\u00edodo de tres a cuatro meses.<\/p>\n<p>El titular de Seguridad tambi\u00e9n se refiri\u00f3 a la situaci\u00f3n delictiva en \u00e1reas urbanas y reconoci\u00f3 un incremento de los arrebatos en la ciudad de Corrientes. Asegur\u00f3 que se trabaja en tareas de prevenci\u00f3n y cuidado, aunque advirti\u00f3 que el contexto econ\u00f3mico y las dificultades en la reactivaci\u00f3n generan un escenario complejo que requiere un abordaje integral.<\/p>\n<p>En ese sentido, subray\u00f3 que, m\u00e1s all\u00e1 del esfuerzo de la Polic\u00eda de Corrientes, la complementaci\u00f3n con fuerzas nacionales y la planificaci\u00f3n conjunta resultan fundamentales para sostener los resultados y mejorar la seguridad tanto en zonas rurales como urbanas.<\/p><\/div>\n<div>\n<div id=\"117986-4\"><\/div>\n<div id=\"117986-6\"><\/div>\n<div id=\"117986-3\"><\/div>\n<\/div>\n<\/div>\n<div class=\"modalRedes\"><\/div>\n<\/div>\n<\/div>\n","protected":false},"excerpt":{"rendered":"<p>El ministro de Seguridad de Corrientes Ad\u00e1n Gaya habl\u00f3 con LT7 Radio Provincia sobre c\u00f3mo el Gobierno de Corrientes refuerza el trabajo conjunto con fuerzas federales para contener delitos rurales y urbanos. El funcionario inform\u00f3 que mantuvo una reuni\u00f3n con la ministra de Seguridad de la Naci\u00f3n, Alejandra Monteoliva, en la que analizaron la agenda [&hellip;]<\/p>\n","protected":false},"author":2,"featured_media":6471,"comment_status":"open","ping_status":"open","sticky":false,"template":"","format":"standard","meta":{"footnotes":""},"categories":[78],"tags":[],"class_list":{"0":"post-6469","1":"post","2":"type-post","3":"status-publish","4":"format-standard","5":"has-post-thumbnail","7":"category-generales"},"_links":{"self":[{"href":"https:\/\/elpueblonoticia.com.ar\/web\/wp-json\/wp\/v2\/posts\/6469","targetHints":{"allow":["GET"]}}],"collection":[{"href":"https:\/\/elpueblonoticia.com.ar\/web\/wp-json\/wp\/v2\/posts"}],"about":[{"href":"https:\/\/elpueblonoticia.com.ar\/web\/wp-json\/wp\/v2\/types\/post"}],"author":[{"embeddable":true,"href":"https:\/\/elpueblonoticia.com.ar\/web\/wp-json\/wp\/v2\/users\/2"}],"replies":[{"embeddable":true,"href":"https:\/\/elpueblonoticia.com.ar\/web\/wp-json\/wp\/v2\/comments?post=6469"}],"version-history":[{"count":1,"href":"https:\/\/elpueblonoticia.com.ar\/web\/wp-json\/wp\/v2\/posts\/6469\/revisions"}],"predecessor-version":[{"id":6472,"href":"https:\/\/elpueblonoticia.com.ar\/web\/wp-json\/wp\/v2\/posts\/6469\/revisions\/6472"}],"wp:featuredmedia":[{"embeddable":true,"href":"https:\/\/elpueblonoticia.com.ar\/web\/wp-json\/wp\/v2\/media\/6471"}],"wp:attachment":[{"href":"https:\/\/elpueblonoticia.com.ar\/web\/wp-json\/wp\/v2\/media?parent=6469"}],"wp:term":[{"taxonomy":"category","embeddable":true,"href":"https:\/\/elpueblonoticia.com.ar\/web\/wp-json\/wp\/v2\/categories?post=6469"},{"taxonomy":"post_tag","embeddable":true,"href":"https:\/\/elpueblonoticia.com.ar\/web\/wp-json\/wp\/v2\/tags?post=6469"}],"curies":[{"name":"wp","href":"https:\/\/api.w.org\/{rel}","templated":true}]}}