{"id":6464,"date":"2026-02-04T08:11:54","date_gmt":"2026-02-04T11:11:54","guid":{"rendered":"https:\/\/elpueblonoticia.com.ar\/web\/?p=6464"},"modified":"2026-02-04T08:13:26","modified_gmt":"2026-02-04T11:13:26","slug":"direccion-de-fortalecimiento-familiar-realiza-el-cierre-de-talleres-barriales-en-el-marco-de-la-escuela-de-verano","status":"publish","type":"post","link":"https:\/\/elpueblonoticia.com.ar\/web\/2026\/02\/04\/direccion-de-fortalecimiento-familiar-realiza-el-cierre-de-talleres-barriales-en-el-marco-de-la-escuela-de-verano\/","title":{"rendered":"DIRECCI\u00d3N DE FORTALECIMIENTO FAMILIAR REALIZA EL CIERRE DE TALLERES BARRIALES EN EL MARCO DE LA ESCUELA DE VERANO"},"content":{"rendered":"<p>&nbsp;<\/p>\n<p><img loading=\"lazy\" decoding=\"async\" class=\"alignnone  wp-image-6465\" src=\"https:\/\/elpueblonoticia.com.ar\/web\/wp-content\/uploads\/2026\/02\/FORTALECIMIENTO-FAMILIAR-1-240x300.jpeg\" alt=\"\" width=\"746\" height=\"933\" srcset=\"https:\/\/elpueblonoticia.com.ar\/web\/wp-content\/uploads\/2026\/02\/FORTALECIMIENTO-FAMILIAR-1-240x300.jpeg 240w, https:\/\/elpueblonoticia.com.ar\/web\/wp-content\/uploads\/2026\/02\/FORTALECIMIENTO-FAMILIAR-1-819x1024.jpeg 819w, https:\/\/elpueblonoticia.com.ar\/web\/wp-content\/uploads\/2026\/02\/FORTALECIMIENTO-FAMILIAR-1-768x960.jpeg 768w, https:\/\/elpueblonoticia.com.ar\/web\/wp-content\/uploads\/2026\/02\/FORTALECIMIENTO-FAMILIAR-1-336x420.jpeg 336w, https:\/\/elpueblonoticia.com.ar\/web\/wp-content\/uploads\/2026\/02\/FORTALECIMIENTO-FAMILIAR-1-696x870.jpeg 696w, https:\/\/elpueblonoticia.com.ar\/web\/wp-content\/uploads\/2026\/02\/FORTALECIMIENTO-FAMILIAR-1-1068x1335.jpeg 1068w, https:\/\/elpueblonoticia.com.ar\/web\/wp-content\/uploads\/2026\/02\/FORTALECIMIENTO-FAMILIAR-1.jpeg 1080w\" sizes=\"auto, (max-width: 746px) 100vw, 746px\" \/><\/p>\n<p class=\"x_MsoNormal\"><span lang=\"ES\" data-olk-copy-source=\"MessageBody\">La Direcci\u00f3n de Fortalecimiento Familiar invita a la comunidad a participar de los cierres de los talleres realizados durante el verano en distintos barrios de la ciudad, actividades que se desarrollan en el marco de la Escuela de Verano de la gesti\u00f3n del intendente Mariano Hormaechea.<\/span><\/p>\n<p class=\"x_MsoNormal\"><span lang=\"ES\">El mi\u00e9rcoles 4 de febrero, a las 19 horas, se llevar\u00e1 a cabo el cierre del taller en el barrio 9 de Julio, en su sede barrial, donde se presentar\u00e1 una peque\u00f1a muestra de todo lo trabajado y aprendido por los asistentes a lo largo del taller. Desde la organizaci\u00f3n se invita especialmente a familiares y vecinos a acompa\u00f1ar este momento de encuentro y celebraci\u00f3n.<\/span><\/p>\n<p class=\"x_MsoNormal\"><span lang=\"ES\">En tanto, el jueves 5 de febrero, a las 18.30 horas, tendr\u00e1 lugar el cierre del taller de ajedrez en el barrio Matadero, que se realizar\u00e1 mediante un torneo entre los participantes, destacando el aprendizaje, la pr\u00e1ctica y el esp\u00edritu de camarader\u00eda que caracteriz\u00f3 a esta propuesta.<\/span><\/p>\n<p class=\"x_MsoNormal\"><span lang=\"ES\">Desde la Direcci\u00f3n de Fortalecimiento Familiar se extiende la invitaci\u00f3n a las familias a acompa\u00f1ar y compartir estas muestras, que reflejan el compromiso con la inclusi\u00f3n, la recreaci\u00f3n y el fortalecimiento de los v\u00ednculos comunitarios, pilares de la Escuela de Verano impulsada por el Municipio de Goya.<\/span><\/p>\n<p>&nbsp;<\/p>\n","protected":false},"excerpt":{"rendered":"<p>&nbsp; La Direcci\u00f3n de Fortalecimiento Familiar invita a la comunidad a participar de los cierres de los talleres realizados durante el verano en distintos barrios de la ciudad, actividades que se desarrollan en el marco de la Escuela de Verano de la gesti\u00f3n del intendente Mariano Hormaechea. El mi\u00e9rcoles 4 de febrero, a las 19 [&hellip;]<\/p>\n","protected":false},"author":2,"featured_media":6466,"comment_status":"open","ping_status":"open","sticky":false,"template":"","format":"standard","meta":{"footnotes":""},"categories":[56],"tags":[],"class_list":{"0":"post-6464","1":"post","2":"type-post","3":"status-publish","4":"format-standard","5":"has-post-thumbnail","7":"category-locales"},"_links":{"self":[{"href":"https:\/\/elpueblonoticia.com.ar\/web\/wp-json\/wp\/v2\/posts\/6464","targetHints":{"allow":["GET"]}}],"collection":[{"href":"https:\/\/elpueblonoticia.com.ar\/web\/wp-json\/wp\/v2\/posts"}],"about":[{"href":"https:\/\/elpueblonoticia.com.ar\/web\/wp-json\/wp\/v2\/types\/post"}],"author":[{"embeddable":true,"href":"https:\/\/elpueblonoticia.com.ar\/web\/wp-json\/wp\/v2\/users\/2"}],"replies":[{"embeddable":true,"href":"https:\/\/elpueblonoticia.com.ar\/web\/wp-json\/wp\/v2\/comments?post=6464"}],"version-history":[{"count":2,"href":"https:\/\/elpueblonoticia.com.ar\/web\/wp-json\/wp\/v2\/posts\/6464\/revisions"}],"predecessor-version":[{"id":6470,"href":"https:\/\/elpueblonoticia.com.ar\/web\/wp-json\/wp\/v2\/posts\/6464\/revisions\/6470"}],"wp:featuredmedia":[{"embeddable":true,"href":"https:\/\/elpueblonoticia.com.ar\/web\/wp-json\/wp\/v2\/media\/6466"}],"wp:attachment":[{"href":"https:\/\/elpueblonoticia.com.ar\/web\/wp-json\/wp\/v2\/media?parent=6464"}],"wp:term":[{"taxonomy":"category","embeddable":true,"href":"https:\/\/elpueblonoticia.com.ar\/web\/wp-json\/wp\/v2\/categories?post=6464"},{"taxonomy":"post_tag","embeddable":true,"href":"https:\/\/elpueblonoticia.com.ar\/web\/wp-json\/wp\/v2\/tags?post=6464"}],"curies":[{"name":"wp","href":"https:\/\/api.w.org\/{rel}","templated":true}]}}