{"id":6459,"date":"2026-02-04T07:32:50","date_gmt":"2026-02-04T10:32:50","guid":{"rendered":"https:\/\/elpueblonoticia.com.ar\/web\/?p=6459"},"modified":"2026-02-04T07:32:50","modified_gmt":"2026-02-04T10:32:50","slug":"intendente-mariano-hormaechea-se-reunio-con-el-ministro-de-obras-y-servicios-publicos-de-la-provincia","status":"publish","type":"post","link":"https:\/\/elpueblonoticia.com.ar\/web\/2026\/02\/04\/intendente-mariano-hormaechea-se-reunio-con-el-ministro-de-obras-y-servicios-publicos-de-la-provincia\/","title":{"rendered":"INTENDENTE MARIANO HORMAECHEA SE REUNI\u00d3 CON EL MINISTRO DE OBRAS Y SERVICIOS P\u00daBLICOS DE LA PROVINCIA"},"content":{"rendered":"<p><img loading=\"lazy\" decoding=\"async\" class=\"alignnone  wp-image-6461\" src=\"https:\/\/elpueblonoticia.com.ar\/web\/wp-content\/uploads\/2026\/02\/INTENDENTE-REUNION-CON-MINISTRO-2-300x225.jpeg\" alt=\"\" width=\"725\" height=\"544\" srcset=\"https:\/\/elpueblonoticia.com.ar\/web\/wp-content\/uploads\/2026\/02\/INTENDENTE-REUNION-CON-MINISTRO-2-300x225.jpeg 300w, https:\/\/elpueblonoticia.com.ar\/web\/wp-content\/uploads\/2026\/02\/INTENDENTE-REUNION-CON-MINISTRO-2-1024x768.jpeg 1024w, https:\/\/elpueblonoticia.com.ar\/web\/wp-content\/uploads\/2026\/02\/INTENDENTE-REUNION-CON-MINISTRO-2-768x576.jpeg 768w, https:\/\/elpueblonoticia.com.ar\/web\/wp-content\/uploads\/2026\/02\/INTENDENTE-REUNION-CON-MINISTRO-2-560x420.jpeg 560w, https:\/\/elpueblonoticia.com.ar\/web\/wp-content\/uploads\/2026\/02\/INTENDENTE-REUNION-CON-MINISTRO-2-80x60.jpeg 80w, https:\/\/elpueblonoticia.com.ar\/web\/wp-content\/uploads\/2026\/02\/INTENDENTE-REUNION-CON-MINISTRO-2-696x522.jpeg 696w, https:\/\/elpueblonoticia.com.ar\/web\/wp-content\/uploads\/2026\/02\/INTENDENTE-REUNION-CON-MINISTRO-2-1068x801.jpeg 1068w, https:\/\/elpueblonoticia.com.ar\/web\/wp-content\/uploads\/2026\/02\/INTENDENTE-REUNION-CON-MINISTRO-2-265x198.jpeg 265w, https:\/\/elpueblonoticia.com.ar\/web\/wp-content\/uploads\/2026\/02\/INTENDENTE-REUNION-CON-MINISTRO-2.jpeg 1280w\" sizes=\"auto, (max-width: 725px) 100vw, 725px\" \/><\/p>\n<p class=\"x_MsoNormal\"><span lang=\"ES\" data-olk-copy-source=\"MessageBody\">En la ma\u00f1ana de este martes el intendente de Goya doctor Mariano Hormaechea se reuni\u00f3 con el Ministro de Obras y Servicios P\u00fablicos de la Provincia Jorge Meza. Durante el encuentro se examin\u00f3 el estado de situaci\u00f3n de diferentes obras que la Provincia lleva adelante en la ciudad de Goya.<\/span><\/p>\n<p class=\"x_MsoNormal\"><span lang=\"ES\">Asimismo, se analizaron todos estos proyectos que son encarados articulados entre Provincia y Municipio para continuar con la planificaci\u00f3n de las distintas obras.<\/span><\/p>\n<p class=\"x_MsoNormal\"><span lang=\"ES\">Adem\u00e1s, el encuentro fue propicio para evaluar y analizar el avance de obra de la Nueva Costanera que el gobernador Juan Pablo Vald\u00e9s y el funcionario provincial vienen trabajando en esta \u00faltima etapa de la construcci\u00f3n de esta obra emblem\u00e1tica para los goyanos.<\/span><\/p>\n<p class=\"x_MsoNormal\"><span lang=\"ES\">\u00a0<\/span><\/p>\n","protected":false},"excerpt":{"rendered":"<p>En la ma\u00f1ana de este martes el intendente de Goya doctor Mariano Hormaechea se reuni\u00f3 con el Ministro de Obras y Servicios P\u00fablicos de la Provincia Jorge Meza. Durante el encuentro se examin\u00f3 el estado de situaci\u00f3n de diferentes obras que la Provincia lleva adelante en la ciudad de Goya. Asimismo, se analizaron todos estos [&hellip;]<\/p>\n","protected":false},"author":2,"featured_media":6460,"comment_status":"open","ping_status":"open","sticky":false,"template":"","format":"standard","meta":{"footnotes":""},"categories":[56],"tags":[],"class_list":{"0":"post-6459","1":"post","2":"type-post","3":"status-publish","4":"format-standard","5":"has-post-thumbnail","7":"category-locales"},"_links":{"self":[{"href":"https:\/\/elpueblonoticia.com.ar\/web\/wp-json\/wp\/v2\/posts\/6459","targetHints":{"allow":["GET"]}}],"collection":[{"href":"https:\/\/elpueblonoticia.com.ar\/web\/wp-json\/wp\/v2\/posts"}],"about":[{"href":"https:\/\/elpueblonoticia.com.ar\/web\/wp-json\/wp\/v2\/types\/post"}],"author":[{"embeddable":true,"href":"https:\/\/elpueblonoticia.com.ar\/web\/wp-json\/wp\/v2\/users\/2"}],"replies":[{"embeddable":true,"href":"https:\/\/elpueblonoticia.com.ar\/web\/wp-json\/wp\/v2\/comments?post=6459"}],"version-history":[{"count":1,"href":"https:\/\/elpueblonoticia.com.ar\/web\/wp-json\/wp\/v2\/posts\/6459\/revisions"}],"predecessor-version":[{"id":6462,"href":"https:\/\/elpueblonoticia.com.ar\/web\/wp-json\/wp\/v2\/posts\/6459\/revisions\/6462"}],"wp:featuredmedia":[{"embeddable":true,"href":"https:\/\/elpueblonoticia.com.ar\/web\/wp-json\/wp\/v2\/media\/6460"}],"wp:attachment":[{"href":"https:\/\/elpueblonoticia.com.ar\/web\/wp-json\/wp\/v2\/media?parent=6459"}],"wp:term":[{"taxonomy":"category","embeddable":true,"href":"https:\/\/elpueblonoticia.com.ar\/web\/wp-json\/wp\/v2\/categories?post=6459"},{"taxonomy":"post_tag","embeddable":true,"href":"https:\/\/elpueblonoticia.com.ar\/web\/wp-json\/wp\/v2\/tags?post=6459"}],"curies":[{"name":"wp","href":"https:\/\/api.w.org\/{rel}","templated":true}]}}